{"id":16262,"date":"2024-06-26T21:04:56","date_gmt":"2024-06-26T21:04:56","guid":{"rendered":"https:\/\/www.vallecamping.se\/velkommen\/"},"modified":"2025-06-01T20:07:50","modified_gmt":"2025-06-01T20:07:50","slug":"velkommen","status":"publish","type":"post","link":"https:\/\/www.vallecamping.se\/no\/velkommen\/","title":{"rendered":"Velkommen"},"content":{"rendered":"<p>[et_pb_section fb_built=&raquo;1&#8243; _builder_version=&raquo;4.16&#8243; _module_preset=&raquo;default&raquo; background_color=&raquo;rgba(0,0,0,0)&raquo; custom_margin=&raquo;-34px|||||&raquo; custom_padding=&raquo;16px||33px|||&raquo; da_disable_devices=&raquo;off|off|off&raquo; global_colors_info=&raquo;{}&raquo; theme_builder_area=&raquo;post_content&raquo; da_is_popup=&raquo;off&raquo; da_exit_intent=&raquo;off&raquo; da_has_close=&raquo;on&raquo; da_alt_close=&raquo;off&raquo; da_dark_close=&raquo;off&raquo; da_not_modal=&raquo;on&raquo; da_is_singular=&raquo;off&raquo; da_with_loader=&raquo;off&raquo; da_has_shadow=&raquo;on&raquo;][et_pb_row column_structure=&raquo;3_5,2_5&#8243; use_custom_gutter=&raquo;on&raquo; gutter_width=&raquo;2&#8243; _builder_version=&raquo;4.16&#8243; _module_preset=&raquo;default&raquo; width=&raquo;100%&raquo; max_width=&raquo;1280px&raquo; custom_margin=&raquo;16px|auto||auto|false|false&raquo; custom_padding=&raquo;8px||0px|||&raquo; global_colors_info=&raquo;{}&raquo; theme_builder_area=&raquo;post_content&raquo;][et_pb_column type=&raquo;3_5&#8243; _builder_version=&raquo;4.16&#8243; _module_preset=&raquo;default&raquo; global_colors_info=&raquo;{}&raquo; theme_builder_area=&raquo;post_content&raquo;][et_pb_text content_last_edited=&raquo;off|desktop&raquo; _builder_version=&raquo;4.26.1&#8243; _module_preset=&raquo;default&raquo; text_text_color=&raquo;#000000&#8243; text_font_size=&raquo;18px&raquo; link_font=&raquo;|600|||on||||dotted&raquo; link_text_color=&raquo;#001f3f&raquo; header_text_color=&raquo;#ffffff&raquo; header_font_size=&raquo;34px&raquo; header_2_font=&raquo;|700||on|||||&raquo; header_2_text_color=&raquo;#002860&#8243; header_2_font_size=&raquo;30px&raquo; background_color=&raquo;#FFFFFF&raquo; custom_margin=&raquo;||-2px|||&raquo; custom_padding=&raquo;20px|20px|20px|20px|true|true&raquo; hover_enabled=&raquo;0&#8243; text_font_size_tablet=&raquo;18px&raquo; text_font_size_phone=&raquo;14px&raquo; text_font_size_last_edited=&raquo;on|phone&raquo; header_2_font_size_tablet=&raquo;20px&raquo; header_2_font_size_phone=&raquo;20px&raquo; header_2_font_size_last_edited=&raquo;on|tablet&raquo; header_text_shadow_style=&raquo;preset1&#8243; border_radii=&raquo;on|6px|6px|6px|6px&raquo; global_colors_info=&raquo;{}&raquo; theme_builder_area=&raquo;post_content&raquo; sticky_enabled=&raquo;0&#8243;]<\/p>\n<h2>Velkommen til oss!<\/h2>\n<p>N\u00e5 er det bare noen dager igjen til ditt opphold hos oss p\u00e5 Valle Camping.<\/p>\n<p>Her har vi samlet litt praktisk informasjon som kan v\u00e6re greit \u00e5 vite.<\/p>\n<p>Har du sp\u00f8rsm\u00e5l er du alltid velkommen til \u00e5 kontakte oss p\u00e5 e-post (info@vallecamping.se) eller telefon (+46 511-621 09).<\/p>\n<p>Hjertelig velkommen!<\/p>\n<p>Linus &amp; \u00c5se med personalet<\/p>\n<p>[\/et_pb_text][\/et_pb_column][et_pb_column type=&raquo;2_5&#8243; _builder_version=&raquo;4.16&#8243; _module_preset=&raquo;default&raquo; global_colors_info=&raquo;{}&raquo; theme_builder_area=&raquo;post_content&raquo;][et_pb_text content_last_edited=&raquo;off|desktop&raquo; _builder_version=&raquo;4.26.1&#8243; _module_preset=&raquo;default&raquo; header_2_font=&raquo;|700||on|||||&raquo; header_2_text_color=&raquo;#002860&#8243; header_2_font_size=&raquo;30px&raquo; custom_margin=&raquo;||-2px|||&raquo; custom_padding=&raquo;20px|20px|20px|20px|true|true&raquo; border_radii=&raquo;on|6px|6px|6px|6px&raquo; global_colors_info=&raquo;{}&raquo; theme_builder_area=&raquo;post_content&raquo; sticky_enabled=&raquo;0&#8243; text_text_color=&raquo;#000000&#8243; text_font_size=&raquo;18px&raquo; text_font_size_tablet=&raquo;18px&raquo; text_font_size_phone=&raquo;14px&raquo; text_font_size_last_edited=&raquo;on|phone&raquo; link_font=&raquo;|600|||on||||dotted&raquo; link_text_color=&raquo;#001f3f&raquo; header_text_color=&raquo;#ffffff&raquo; header_font_size=&raquo;34px&raquo; header_2_font_size_tablet=&raquo;20px&raquo; header_2_font_size_phone=&raquo;20px&raquo; header_2_font_size_last_edited=&raquo;on|tablet&raquo; header_text_shadow_style=&raquo;preset1&#8243; background_color=&raquo;#FFFFFF&raquo; hover_enabled=&raquo;0&#8243;]<\/p>\n<h2><strong>Innsjekk og utsjekk<\/strong><\/h2>\n<p>F\u00f8lgende tider gjelder for innsjekk og utsjekk. Innsjekkingstid betyr tidligst n\u00e5r du kan sjekke inn, og utsjekkingstid n\u00e5r du senest m\u00e5 ha forlatt boenheten. Ved sen ankomst (etter kl. 22:00) ber vi deg kontakte oss for \u00e5 avtale sen innsjekk. <\/p>\n<p><strong>Camping <\/strong> Innsjekk kl. 15:00 \u2013 Utsjekk kl. 12:00 <strong>Campinghytte <\/strong> Innsjekk kl. 16:00 \u2013 Utsjekk kl. 11:00 <strong>Rom i vandrerhjem<\/strong> Innsjekk kl. 16:00 \u2013 Utsjekk kl. 11:00<\/p>\n<p>[\/et_pb_text][\/et_pb_column][\/et_pb_row][et_pb_row column_structure=&raquo;2_5,3_5&#8243; use_custom_gutter=&raquo;on&raquo; gutter_width=&raquo;2&#8243; _builder_version=&raquo;4.26.1&#8243; _module_preset=&raquo;default&raquo; width=&raquo;100%&raquo; max_width=&raquo;1280px&raquo; custom_margin=&raquo;16px|auto||auto|false|false&raquo; custom_padding=&raquo;8px||0px|||&raquo; global_colors_info=&raquo;{}&raquo; theme_builder_area=&raquo;post_content&raquo;][et_pb_column type=&raquo;2_5&#8243; _builder_version=&raquo;4.26.1&#8243; _module_preset=&raquo;default&raquo; global_colors_info=&raquo;{}&raquo; theme_builder_area=&raquo;post_content&raquo;][et_pb_text content_last_edited=&raquo;off|desktop&raquo; _builder_version=&raquo;4.26.1&#8243; _module_preset=&raquo;default&raquo; text_text_color=&raquo;#000000&#8243; text_font_size=&raquo;18px&raquo; link_font=&raquo;|600|||on||||dotted&raquo; link_text_color=&raquo;#001f3f&raquo; header_text_color=&raquo;#ffffff&raquo; header_font_size=&raquo;34px&raquo; header_2_font=&raquo;|700||on|||||&raquo; header_2_text_color=&raquo;#002860&#8243; header_2_font_size=&raquo;30px&raquo; background_color=&raquo;#FFFFFF&raquo; custom_margin=&raquo;||-2px|||&raquo; custom_padding=&raquo;20px|20px|20px|20px|true|true&raquo; hover_enabled=&raquo;0&#8243; text_font_size_tablet=&raquo;18px&raquo; text_font_size_phone=&raquo;14px&raquo; text_font_size_last_edited=&raquo;on|phone&raquo; header_2_font_size_tablet=&raquo;20px&raquo; header_2_font_size_phone=&raquo;20px&raquo; header_2_font_size_last_edited=&raquo;on|tablet&raquo; header_text_shadow_style=&raquo;preset1&#8243; border_radii=&raquo;on|6px|6px|6px|6px&raquo; global_colors_info=&raquo;{}&raquo; theme_builder_area=&raquo;post_content&raquo; sticky_enabled=&raquo;0&#8243;]<\/p>\n<h2>FINN VEIEN HIT<\/h2>\n<p>Valle Camping ligger ved innsj\u00f8en Husg\u00e4rdessj\u00f6n i vakre Vallebygden i V\u00e4stra G\u00f6talands l\u00e4n, tidligere kjent som Skaraborg \u2013 alts\u00e5 omr\u00e5det mellom innsj\u00f8ene V\u00e4nern og V\u00e4ttern.<\/p>\n<p>Du finner oss p\u00e5 adressen Sk\u00e4rv Per-Larsg\u00e5rden 2 langs riksvei 49, ganske n\u00f8yaktig midt mellom byene Skara og Sk\u00f6vde, n\u00e6r Hornborgasj\u00f6n og rett ved tettstedene Varnhem og Axvall.<\/p>\n<p><a href=\"https:\/\/www.google.com\/maps\/place\/Valle+Camping+i+Axvall,+Skara\/@58.3979633,13.6057952,17z\/data=!4m11!3m10!1s0x465b1dec25a8d64d:0x482df524e3dd0b6b!5m4!1s2024-07-29!2i2!4m1!1i2!8m2!3d58.3979633!4d13.6057952!16s%2Fg%2F12vrp_sjw?entry=ttu\">Google Maps<\/a> \u2013 <a href=\"https:\/\/maps.apple.com\/place?auid=4024017979419437164&amp;ll=58.395786,13.609346&amp;lsp=9902&amp;q=Valle%20Campingstugor&amp;_ext=ChoKBQgEENIBCgQIBRADCgUIBhCIAQoECAoQABIkKZjs6TQcMU1AMbci1oeaEStAOSfQcX8\/O01AQVtxu+GIdytA&amp;t=m\">Apple Kart <\/a><\/p>\n<p>GPS: 58.3953, 13.6088<\/p>\n<p>Pluskode: 9JW5+8Q Sk\u00e4rv<\/p>\n<p>[\/et_pb_text][\/et_pb_column][et_pb_column type=&raquo;3_5&#8243; _builder_version=&raquo;4.26.1&#8243; _module_preset=&raquo;default&raquo; global_colors_info=&raquo;{}&raquo; theme_builder_area=&raquo;post_content&raquo;][et_pb_image src=&raquo;https:\/\/www.vallecamping.se\/wp-content\/uploads\/2021\/04\/valle_camping_karta_skaraborg.jpg&raquo; title_text=&raquo;valle_camping_kart_skaraborg&raquo; _builder_version=&raquo;4.26.1&#8243; _module_preset=&raquo;default&raquo; global_colors_info=&raquo;{}&raquo; theme_builder_area=&raquo;post_content&raquo;][\/et_pb_image][\/et_pb_column][\/et_pb_row][et_pb_row column_structure=&raquo;1_4,1_4,1_4,1_4&#8243; use_custom_gutter=&raquo;on&raquo; gutter_width=&raquo;2&#8243; _builder_version=&raquo;4.26.1&#8243; _module_preset=&raquo;default&raquo; width=&raquo;100%&raquo; max_width=&raquo;1280px&raquo; custom_margin=&raquo;16px|auto||auto|false|false&raquo; custom_padding=&raquo;8px||0px|||&raquo; global_colors_info=&raquo;{}&raquo; theme_builder_area=&raquo;post_content&raquo;][et_pb_column type=&raquo;1_4&#8243; _builder_version=&raquo;4.26.1&#8243; _module_preset=&raquo;default&raquo; global_colors_info=&raquo;{}&raquo; theme_builder_area=&raquo;post_content&raquo;][et_pb_cta title=&raquo;FROKOST&raquo; button_url=&raquo;https:\/\/www.vallecamping.se\/frukost\/&raquo; button_text=&raquo;Bestill&#8230;&raquo; _builder_version=&raquo;4.26.1&#8243; _module_preset=&raquo;default&raquo; header_font=&raquo;|800||on|||||&raquo; header_font_size=&raquo;25px&raquo; body_font_size=&raquo;16px&raquo; background_enable_color=&raquo;off&raquo; use_background_color_gradient=&raquo;on&raquo; background_color_gradient_type=&raquo;circular&raquo; background_color_gradient_stops=&raquo;rgba(0,72,144,0.6) 0%|rgba(255,255,255,0) 98%&raquo; background_color_gradient_overlays_image=&raquo;on&raquo; background_image=&raquo;https:\/\/www.vallecamping.se\/wp-content\/uploads\/2024\/07\/frukosterbjudande_270x270.jpg&raquo; background_pattern_repeat=&raquo;space&raquo; custom_button=&raquo;on&raquo; button_text_color=&raquo;#FFFFFF&raquo; button_bg_color=&raquo;rgba(255,255,255,0.6)&raquo; button_border_color=&raquo;rgba(255,255,255,0)&raquo; button_font=&raquo;|700||on|||||&raquo; header_text_shadow_style=&raquo;preset2&#8243; header_text_shadow_horizontal_length=&raquo;0.18em&raquo; header_text_shadow_vertical_length=&raquo;0.1em&raquo; body_text_shadow_style=&raquo;preset3&#8243; body_text_shadow_blur_strength=&raquo;0.47em&raquo; body_text_shadow_color=&raquo;#004890&#8243; border_radii=&raquo;on|10px|10px|10px|10px&raquo; button_text_shadow_style=&raquo;preset2&#8243; button_text_shadow_horizontal_length=&raquo;0.12em&raquo; button_text_shadow_blur_strength=&raquo;0.38em&raquo; button_text_shadow_color=&raquo;#004890&#8243; text_shadow_style=&raquo;preset5&#8243; text_shadow_blur_strength=&raquo;0.63em&raquo; text_shadow_color=&raquo;#004890&#8243; global_colors_info=&raquo;{}&raquo; theme_builder_area=&raquo;post_content&raquo;]<\/p>\n<p>Hva med \u00e5 v\u00e5kne opp til nybrygget kaffe og ferskt br\u00f8d?<\/p>\n<p>Akkurat n\u00e5 (17.\u201322. juli) tilbyr vi en frokostkurv som leveres til boenheten deres om morgenen.<\/p>\n<p>[\/et_pb_cta][\/et_pb_column][et_pb_column type=&raquo;1_4&#8243; _builder_version=&raquo;4.26.1&#8243; _module_preset=&raquo;default&raquo; global_colors_info=&raquo;{}&raquo; theme_builder_area=&raquo;post_content&raquo;][et_pb_cta title=&raquo;LADEPLASS&raquo; button_url=&raquo;https:\/\/www.vallecamping.se\/no\/elbilsladdning\/&raquo; button_text=&raquo;Les mer&#8230;&raquo; _builder_version=&raquo;4.26.1&#8243; _module_preset=&raquo;default&raquo; header_font=&raquo;|800||on|||||&raquo; header_font_size=&raquo;25px&raquo; body_font_size=&raquo;16px&raquo; background_enable_color=&raquo;off&raquo; use_background_color_gradient=&raquo;on&raquo; background_color_gradient_type=&raquo;circular&raquo; background_color_gradient_stops=&raquo;rgba(0,72,144,0.6) 0%|rgba(255,255,255,0) 98%&raquo; background_color_gradient_overlays_image=&raquo;on&raquo; background_image=&raquo;https:\/\/www.vallecamping.se\/wp-content\/uploads\/2024\/05\/Elbilsladdning_270x270.jpg&raquo; background_pattern_repeat=&raquo;space&raquo; custom_button=&raquo;on&raquo; button_text_color=&raquo;#FFFFFF&raquo; button_bg_color=&raquo;rgba(255,255,255,0.6)&raquo; button_border_color=&raquo;rgba(255,255,255,0)&raquo; button_font=&raquo;|700||on|||||&raquo; header_text_shadow_style=&raquo;preset2&#8243; header_text_shadow_horizontal_length=&raquo;0.18em&raquo; header_text_shadow_vertical_length=&raquo;0.1em&raquo; body_text_shadow_style=&raquo;preset3&#8243; body_text_shadow_blur_strength=&raquo;0.47em&raquo; body_text_shadow_color=&raquo;#004890&#8243; border_radii=&raquo;on|10px|10px|10px|10px&raquo; button_text_shadow_style=&raquo;preset2&#8243; button_text_shadow_horizontal_length=&raquo;0.12em&raquo; button_text_shadow_blur_strength=&raquo;0.38em&raquo; button_text_shadow_color=&raquo;#004890&#8243; text_shadow_style=&raquo;preset5&#8243; text_shadow_blur_strength=&raquo;0.63em&raquo; text_shadow_color=&raquo;#004890&#8243; global_colors_info=&raquo;{}&raquo; theme_builder_area=&raquo;post_content&raquo;]<\/p>\n<p>Bestill ladeplass for elbilen.<\/p>\n<p>Hvis du ikke allerede har bestilt, kan du gj\u00f8re det ved \u00e5 ringe eller sende oss en e-post.<\/p>\n<p>Her kan du lese mer om lademuligheter.<\/p>\n<p>[\/et_pb_cta][\/et_pb_column][et_pb_column type=&raquo;1_4&#8243; _builder_version=&raquo;4.26.1&#8243; _module_preset=&raquo;default&raquo; global_colors_info=&raquo;{}&raquo; theme_builder_area=&raquo;post_content&raquo;][et_pb_cta title=&raquo;BADSTUE&raquo; button_url=&raquo;https:\/\/www.vallecamping.se\/no\/bastu\/&raquo; button_text=&raquo;Les mer&#8230;&raquo; _builder_version=&raquo;4.26.1&#8243; _module_preset=&raquo;default&raquo; header_font=&raquo;|800||on|||||&raquo; header_font_size=&raquo;25px&raquo; body_font_size=&raquo;16px&raquo; background_enable_color=&raquo;off&raquo; use_background_color_gradient=&raquo;on&raquo; background_color_gradient_type=&raquo;circular&raquo; background_color_gradient_stops=&raquo;rgba(0,72,144,0.6) 0%|rgba(255,255,255,0) 98%&raquo; background_color_gradient_overlays_image=&raquo;on&raquo; background_image=&raquo;https:\/\/www.vallecamping.se\/wp-content\/uploads\/2021\/07\/Bastubryggan-hang-valle-camping.jpg&raquo; background_pattern_repeat=&raquo;space&raquo; custom_button=&raquo;on&raquo; button_text_color=&raquo;#FFFFFF&raquo; button_bg_color=&raquo;rgba(255,255,255,0.6)&raquo; button_border_color=&raquo;rgba(255,255,255,0)&raquo; button_font=&raquo;|700||on|||||&raquo; header_text_shadow_style=&raquo;preset2&#8243; header_text_shadow_horizontal_length=&raquo;0.18em&raquo; header_text_shadow_vertical_length=&raquo;0.1em&raquo; body_text_shadow_style=&raquo;preset3&#8243; body_text_shadow_blur_strength=&raquo;0.47em&raquo; body_text_shadow_color=&raquo;#004890&#8243; border_radii=&raquo;on|10px|10px|10px|10px&raquo; button_text_shadow_style=&raquo;preset2&#8243; button_text_shadow_horizontal_length=&raquo;0.12em&raquo; button_text_shadow_blur_strength=&raquo;0.38em&raquo; button_text_shadow_color=&raquo;#004890&#8243; text_shadow_style=&raquo;preset5&#8243; text_shadow_blur_strength=&raquo;0.63em&raquo; text_shadow_color=&raquo;#004890&#8243; global_colors_info=&raquo;{}&raquo; theme_builder_area=&raquo;post_content&raquo;]<\/p>\n<p>Badstuebes\u00f8k. Ytterst p\u00e5 en av bryggene finner du v\u00e5r vedfyrte badstue. Fra bryggen utenfor kan du hoppe rett ned i innsj\u00f8en. Uansett v\u00e6r er et badstubad en herlig og avslappende opplevelse.   <\/p>\n<p>[\/et_pb_cta][\/et_pb_column][et_pb_column type=&raquo;1_4&#8243; _builder_version=&raquo;4.26.1&#8243; _module_preset=&raquo;default&raquo; global_colors_info=&raquo;{}&raquo; theme_builder_area=&raquo;post_content&raquo;][et_pb_cta title=&raquo;SENGET\u00d8Y&raquo; _builder_version=&raquo;4.26.1&#8243; _module_preset=&raquo;default&raquo; header_font=&raquo;|800||on|||||&raquo; header_font_size=&raquo;25px&raquo; body_font_size=&raquo;16px&raquo; background_enable_color=&raquo;off&raquo; use_background_color_gradient=&raquo;on&raquo; background_color_gradient_type=&raquo;circular&raquo; background_color_gradient_stops=&raquo;rgba(0,72,144,0.6) 0%|rgba(255,255,255,0) 98%&raquo; background_color_gradient_overlays_image=&raquo;on&raquo; background_image=&raquo;https:\/\/www.vallecamping.se\/wp-content\/uploads\/2024\/06\/Sangklader_270x270-jpg.webp&raquo; background_pattern_repeat=&raquo;space&raquo; custom_button=&raquo;on&raquo; button_text_color=&raquo;#FFFFFF&raquo; button_bg_color=&raquo;rgba(255,255,255,0.6)&raquo; button_border_color=&raquo;rgba(255,255,255,0)&raquo; button_font=&raquo;|700||on|||||&raquo; header_text_shadow_style=&raquo;preset2&#8243; header_text_shadow_horizontal_length=&raquo;0.18em&raquo; header_text_shadow_vertical_length=&raquo;0.1em&raquo; body_text_shadow_style=&raquo;preset3&#8243; body_text_shadow_blur_strength=&raquo;0.47em&raquo; body_text_shadow_color=&raquo;#004890&#8243; border_radii=&raquo;on|10px|10px|10px|10px&raquo; button_text_shadow_style=&raquo;preset2&#8243; button_text_shadow_horizontal_length=&raquo;0.12em&raquo; button_text_shadow_blur_strength=&raquo;0.38em&raquo; button_text_shadow_color=&raquo;#004890&#8243; text_shadow_style=&raquo;preset5&#8243; text_shadow_blur_strength=&raquo;0.63em&raquo; text_shadow_color=&raquo;#004890&#8243; global_colors_info=&raquo;{}&raquo; theme_builder_area=&raquo;post_content&raquo;]<\/p>\n<p>Slipp \u00e5 pakke med senget\u00f8y. Hvis du ikke allerede har forh\u00e5ndsbestilt senget\u00f8ypakke i forbindelse med bestillingen, kan du kontakte info@vallecamping.se for \u00e5 legge det til bestillingen din. Senget\u00f8ypakken inkluderer et putevar, et dynetrekk, et laken og et h\u00e5ndkle.  <\/p>\n<p>[\/et_pb_cta][\/et_pb_column][\/et_pb_row][\/et_pb_section]<\/p>\n","protected":false},"excerpt":{"rendered":"<p>Velkommen til oss! N\u00e5 er det bare noen dager igjen til ditt opphold hos oss p\u00e5 Valle Camping. Her har vi samlet litt praktisk informasjon som kan v\u00e6re greit \u00e5 vite. Har du sp\u00f8rsm\u00e5l er du alltid velkommen til \u00e5 kontakte oss p\u00e5 e-post (info@vallecamping.se) eller telefon (+46 511-621 09). Hjertelig velkommen! Linus &amp; \u00c5se [&hellip;]<\/p>\n","protected":false},"author":2,"featured_media":16263,"comment_status":"closed","ping_status":"open","sticky":false,"template":"","format":"standard","meta":{"_et_pb_use_builder":"on","_et_pb_old_content":"","_et_gb_content_width":"","footnotes":""},"categories":[276],"tags":[],"class_list":["post-16262","post","type-post","status-publish","format-standard","has-post-thumbnail","hentry","category-tilbud"],"yoast_head":"<!-- This site is optimized with the Yoast SEO plugin v27.5 - https:\/\/yoast.com\/product\/yoast-seo-wordpress\/ -->\n<title>Velkommen - Valle Camping AB<\/title>\n<meta name=\"robots\" content=\"noindex, nofollow\" \/>\n<meta property=\"og:locale\" content=\"nb_NO\" \/>\n<meta property=\"og:type\" content=\"article\" \/>\n<meta property=\"og:title\" content=\"Velkommen - Valle Camping AB\" \/>\n<meta property=\"og:description\" content=\"Velkommen til oss! N\u00e5 er det bare noen dager igjen til ditt opphold hos oss p\u00e5 Valle Camping. Her har vi samlet litt praktisk informasjon som kan v\u00e6re greit \u00e5 vite. Har du sp\u00f8rsm\u00e5l er du alltid velkommen til \u00e5 kontakte oss p\u00e5 e-post (info@vallecamping.se) eller telefon (+46 511-621 09). Hjertelig velkommen! Linus &amp; \u00c5se [&hellip;]\" \/>\n<meta property=\"og:url\" content=\"https:\/\/www.vallecamping.se\/no\/velkommen\/\" \/>\n<meta property=\"og:site_name\" content=\"Valle Camping AB\" \/>\n<meta property=\"article:publisher\" content=\"https:\/\/www.facebook.com\/vallecamping\" \/>\n<meta property=\"article:published_time\" content=\"2024-06-26T21:04:56+00:00\" \/>\n<meta property=\"article:modified_time\" content=\"2025-06-01T20:07:50+00:00\" \/>\n<meta property=\"og:image\" content=\"https:\/\/www.vallecamping.se\/wp-content\/uploads\/2024\/05\/Valkommenl-600x300-1.jpg\" \/>\n\t<meta property=\"og:image:width\" content=\"1701\" \/>\n\t<meta property=\"og:image:height\" content=\"850\" \/>\n\t<meta property=\"og:image:type\" content=\"image\/jpeg\" \/>\n<meta name=\"author\" content=\"Fredrik Larsson\" \/>\n<meta name=\"twitter:card\" content=\"summary_large_image\" \/>\n<meta name=\"twitter:label1\" content=\"Skrevet av\" \/>\n\t<meta name=\"twitter:data1\" content=\"Fredrik Larsson\" \/>\n\t<meta name=\"twitter:label2\" content=\"Ansl. lesetid\" \/>\n\t<meta name=\"twitter:data2\" content=\"9 minutter\" \/>\n<script type=\"application\/ld+json\" class=\"yoast-schema-graph\">{\"@context\":\"https:\\\/\\\/schema.org\",\"@graph\":[{\"@type\":\"Article\",\"@id\":\"https:\\\/\\\/www.vallecamping.se\\\/no\\\/velkommen\\\/#article\",\"isPartOf\":{\"@id\":\"https:\\\/\\\/www.vallecamping.se\\\/no\\\/velkommen\\\/\"},\"author\":{\"name\":\"Fredrik Larsson\",\"@id\":\"https:\\\/\\\/www.vallecamping.se\\\/no\\\/#\\\/schema\\\/person\\\/53b61d8a873ce1132f85395fb8a22aa0\"},\"headline\":\"Velkommen\",\"datePublished\":\"2024-06-26T21:04:56+00:00\",\"dateModified\":\"2025-06-01T20:07:50+00:00\",\"mainEntityOfPage\":{\"@id\":\"https:\\\/\\\/www.vallecamping.se\\\/no\\\/velkommen\\\/\"},\"wordCount\":1785,\"publisher\":{\"@id\":\"https:\\\/\\\/www.vallecamping.se\\\/no\\\/#organization\"},\"image\":{\"@id\":\"https:\\\/\\\/www.vallecamping.se\\\/no\\\/velkommen\\\/#primaryimage\"},\"thumbnailUrl\":\"https:\\\/\\\/www.vallecamping.se\\\/wp-content\\\/uploads\\\/2024\\\/05\\\/Valkommenl-600x300-1.jpg\",\"articleSection\":[\"Tilbud\"],\"inLanguage\":\"nb-NO\"},{\"@type\":\"WebPage\",\"@id\":\"https:\\\/\\\/www.vallecamping.se\\\/no\\\/velkommen\\\/\",\"url\":\"https:\\\/\\\/www.vallecamping.se\\\/no\\\/velkommen\\\/\",\"name\":\"Velkommen - Valle Camping AB\",\"isPartOf\":{\"@id\":\"https:\\\/\\\/www.vallecamping.se\\\/no\\\/#website\"},\"primaryImageOfPage\":{\"@id\":\"https:\\\/\\\/www.vallecamping.se\\\/no\\\/velkommen\\\/#primaryimage\"},\"image\":{\"@id\":\"https:\\\/\\\/www.vallecamping.se\\\/no\\\/velkommen\\\/#primaryimage\"},\"thumbnailUrl\":\"https:\\\/\\\/www.vallecamping.se\\\/wp-content\\\/uploads\\\/2024\\\/05\\\/Valkommenl-600x300-1.jpg\",\"datePublished\":\"2024-06-26T21:04:56+00:00\",\"dateModified\":\"2025-06-01T20:07:50+00:00\",\"breadcrumb\":{\"@id\":\"https:\\\/\\\/www.vallecamping.se\\\/no\\\/velkommen\\\/#breadcrumb\"},\"inLanguage\":\"nb-NO\",\"potentialAction\":[{\"@type\":\"ReadAction\",\"target\":[\"https:\\\/\\\/www.vallecamping.se\\\/no\\\/velkommen\\\/\"]}]},{\"@type\":\"ImageObject\",\"inLanguage\":\"nb-NO\",\"@id\":\"https:\\\/\\\/www.vallecamping.se\\\/no\\\/velkommen\\\/#primaryimage\",\"url\":\"https:\\\/\\\/www.vallecamping.se\\\/wp-content\\\/uploads\\\/2024\\\/05\\\/Valkommenl-600x300-1.jpg\",\"contentUrl\":\"https:\\\/\\\/www.vallecamping.se\\\/wp-content\\\/uploads\\\/2024\\\/05\\\/Valkommenl-600x300-1.jpg\",\"width\":1701,\"height\":850,\"caption\":\"V\u00e4lkommen\"},{\"@type\":\"BreadcrumbList\",\"@id\":\"https:\\\/\\\/www.vallecamping.se\\\/no\\\/velkommen\\\/#breadcrumb\",\"itemListElement\":[{\"@type\":\"ListItem\",\"position\":1,\"name\":\"Hem\",\"item\":\"https:\\\/\\\/www.vallecamping.se\\\/no\\\/camping-naer-skara-sommarland\\\/\"},{\"@type\":\"ListItem\",\"position\":2,\"name\":\"Velkommen\"}]},{\"@type\":\"WebSite\",\"@id\":\"https:\\\/\\\/www.vallecamping.se\\\/no\\\/#website\",\"url\":\"https:\\\/\\\/www.vallecamping.se\\\/no\\\/\",\"name\":\"Valle Camping AB\",\"description\":\"Valle Camping - Stugor, camping, st\u00e4llplatser och vandrarhem vid sj\u00f6 i vackra Valle n\u00e4ra Skara sommarland, Hornborgasj\u00f6n, Varnhems klosterkyrka, Kata g\u00e5rd med mera\",\"publisher\":{\"@id\":\"https:\\\/\\\/www.vallecamping.se\\\/no\\\/#organization\"},\"alternateName\":\"Valle camping\",\"potentialAction\":[{\"@type\":\"SearchAction\",\"target\":{\"@type\":\"EntryPoint\",\"urlTemplate\":\"https:\\\/\\\/www.vallecamping.se\\\/no\\\/?s={search_term_string}\"},\"query-input\":{\"@type\":\"PropertyValueSpecification\",\"valueRequired\":true,\"valueName\":\"search_term_string\"}}],\"inLanguage\":\"nb-NO\"},{\"@type\":\"Organization\",\"@id\":\"https:\\\/\\\/www.vallecamping.se\\\/no\\\/#organization\",\"name\":\"Valle camping AB\",\"alternateName\":\"Valle camping\",\"url\":\"https:\\\/\\\/www.vallecamping.se\\\/no\\\/\",\"logo\":{\"@type\":\"ImageObject\",\"inLanguage\":\"nb-NO\",\"@id\":\"https:\\\/\\\/www.vallecamping.se\\\/no\\\/#\\\/schema\\\/logo\\\/image\\\/\",\"url\":\"https:\\\/\\\/www.vallecamping.se\\\/wp-content\\\/uploads\\\/2023\\\/03\\\/Valle-Camping-Icon2303-1.png\",\"contentUrl\":\"https:\\\/\\\/www.vallecamping.se\\\/wp-content\\\/uploads\\\/2023\\\/03\\\/Valle-Camping-Icon2303-1.png\",\"width\":500,\"height\":496,\"caption\":\"Valle camping AB\"},\"image\":{\"@id\":\"https:\\\/\\\/www.vallecamping.se\\\/no\\\/#\\\/schema\\\/logo\\\/image\\\/\"},\"sameAs\":[\"https:\\\/\\\/www.facebook.com\\\/vallecamping\",\"https:\\\/\\\/www.instagram.com\\\/vallecampingstugor\\\/\",\"https:\\\/\\\/www.youtube.com\\\/channel\\\/UCoJUm2JGJm1kc46V1JnI47Q\"]},{\"@type\":\"Person\",\"@id\":\"https:\\\/\\\/www.vallecamping.se\\\/no\\\/#\\\/schema\\\/person\\\/53b61d8a873ce1132f85395fb8a22aa0\",\"name\":\"Fredrik Larsson\"}]}<\/script>\n<!-- \/ Yoast SEO plugin. -->","yoast_head_json":{"title":"Velkommen - Valle Camping AB","robots":{"index":"noindex","follow":"nofollow"},"og_locale":"nb_NO","og_type":"article","og_title":"Velkommen - Valle Camping AB","og_description":"Velkommen til oss! N\u00e5 er det bare noen dager igjen til ditt opphold hos oss p\u00e5 Valle Camping. Her har vi samlet litt praktisk informasjon som kan v\u00e6re greit \u00e5 vite. Har du sp\u00f8rsm\u00e5l er du alltid velkommen til \u00e5 kontakte oss p\u00e5 e-post (info@vallecamping.se) eller telefon (+46 511-621 09). Hjertelig velkommen! Linus &amp; \u00c5se [&hellip;]","og_url":"https:\/\/www.vallecamping.se\/no\/velkommen\/","og_site_name":"Valle Camping AB","article_publisher":"https:\/\/www.facebook.com\/vallecamping","article_published_time":"2024-06-26T21:04:56+00:00","article_modified_time":"2025-06-01T20:07:50+00:00","og_image":[{"width":1701,"height":850,"url":"https:\/\/www.vallecamping.se\/wp-content\/uploads\/2024\/05\/Valkommenl-600x300-1.jpg","type":"image\/jpeg"}],"author":"Fredrik Larsson","twitter_card":"summary_large_image","twitter_misc":{"Skrevet av":"Fredrik Larsson","Ansl. lesetid":"9 minutter"},"schema":{"@context":"https:\/\/schema.org","@graph":[{"@type":"Article","@id":"https:\/\/www.vallecamping.se\/no\/velkommen\/#article","isPartOf":{"@id":"https:\/\/www.vallecamping.se\/no\/velkommen\/"},"author":{"name":"Fredrik Larsson","@id":"https:\/\/www.vallecamping.se\/no\/#\/schema\/person\/53b61d8a873ce1132f85395fb8a22aa0"},"headline":"Velkommen","datePublished":"2024-06-26T21:04:56+00:00","dateModified":"2025-06-01T20:07:50+00:00","mainEntityOfPage":{"@id":"https:\/\/www.vallecamping.se\/no\/velkommen\/"},"wordCount":1785,"publisher":{"@id":"https:\/\/www.vallecamping.se\/no\/#organization"},"image":{"@id":"https:\/\/www.vallecamping.se\/no\/velkommen\/#primaryimage"},"thumbnailUrl":"https:\/\/www.vallecamping.se\/wp-content\/uploads\/2024\/05\/Valkommenl-600x300-1.jpg","articleSection":["Tilbud"],"inLanguage":"nb-NO"},{"@type":"WebPage","@id":"https:\/\/www.vallecamping.se\/no\/velkommen\/","url":"https:\/\/www.vallecamping.se\/no\/velkommen\/","name":"Velkommen - Valle Camping AB","isPartOf":{"@id":"https:\/\/www.vallecamping.se\/no\/#website"},"primaryImageOfPage":{"@id":"https:\/\/www.vallecamping.se\/no\/velkommen\/#primaryimage"},"image":{"@id":"https:\/\/www.vallecamping.se\/no\/velkommen\/#primaryimage"},"thumbnailUrl":"https:\/\/www.vallecamping.se\/wp-content\/uploads\/2024\/05\/Valkommenl-600x300-1.jpg","datePublished":"2024-06-26T21:04:56+00:00","dateModified":"2025-06-01T20:07:50+00:00","breadcrumb":{"@id":"https:\/\/www.vallecamping.se\/no\/velkommen\/#breadcrumb"},"inLanguage":"nb-NO","potentialAction":[{"@type":"ReadAction","target":["https:\/\/www.vallecamping.se\/no\/velkommen\/"]}]},{"@type":"ImageObject","inLanguage":"nb-NO","@id":"https:\/\/www.vallecamping.se\/no\/velkommen\/#primaryimage","url":"https:\/\/www.vallecamping.se\/wp-content\/uploads\/2024\/05\/Valkommenl-600x300-1.jpg","contentUrl":"https:\/\/www.vallecamping.se\/wp-content\/uploads\/2024\/05\/Valkommenl-600x300-1.jpg","width":1701,"height":850,"caption":"V\u00e4lkommen"},{"@type":"BreadcrumbList","@id":"https:\/\/www.vallecamping.se\/no\/velkommen\/#breadcrumb","itemListElement":[{"@type":"ListItem","position":1,"name":"Hem","item":"https:\/\/www.vallecamping.se\/no\/camping-naer-skara-sommarland\/"},{"@type":"ListItem","position":2,"name":"Velkommen"}]},{"@type":"WebSite","@id":"https:\/\/www.vallecamping.se\/no\/#website","url":"https:\/\/www.vallecamping.se\/no\/","name":"Valle Camping AB","description":"Valle Camping - Stugor, camping, st\u00e4llplatser och vandrarhem vid sj\u00f6 i vackra Valle n\u00e4ra Skara sommarland, Hornborgasj\u00f6n, Varnhems klosterkyrka, Kata g\u00e5rd med mera","publisher":{"@id":"https:\/\/www.vallecamping.se\/no\/#organization"},"alternateName":"Valle camping","potentialAction":[{"@type":"SearchAction","target":{"@type":"EntryPoint","urlTemplate":"https:\/\/www.vallecamping.se\/no\/?s={search_term_string}"},"query-input":{"@type":"PropertyValueSpecification","valueRequired":true,"valueName":"search_term_string"}}],"inLanguage":"nb-NO"},{"@type":"Organization","@id":"https:\/\/www.vallecamping.se\/no\/#organization","name":"Valle camping AB","alternateName":"Valle camping","url":"https:\/\/www.vallecamping.se\/no\/","logo":{"@type":"ImageObject","inLanguage":"nb-NO","@id":"https:\/\/www.vallecamping.se\/no\/#\/schema\/logo\/image\/","url":"https:\/\/www.vallecamping.se\/wp-content\/uploads\/2023\/03\/Valle-Camping-Icon2303-1.png","contentUrl":"https:\/\/www.vallecamping.se\/wp-content\/uploads\/2023\/03\/Valle-Camping-Icon2303-1.png","width":500,"height":496,"caption":"Valle camping AB"},"image":{"@id":"https:\/\/www.vallecamping.se\/no\/#\/schema\/logo\/image\/"},"sameAs":["https:\/\/www.facebook.com\/vallecamping","https:\/\/www.instagram.com\/vallecampingstugor\/","https:\/\/www.youtube.com\/channel\/UCoJUm2JGJm1kc46V1JnI47Q"]},{"@type":"Person","@id":"https:\/\/www.vallecamping.se\/no\/#\/schema\/person\/53b61d8a873ce1132f85395fb8a22aa0","name":"Fredrik Larsson"}]}},"_links":{"self":[{"href":"https:\/\/www.vallecamping.se\/no\/wp-json\/wp\/v2\/posts\/16262","targetHints":{"allow":["GET"]}}],"collection":[{"href":"https:\/\/www.vallecamping.se\/no\/wp-json\/wp\/v2\/posts"}],"about":[{"href":"https:\/\/www.vallecamping.se\/no\/wp-json\/wp\/v2\/types\/post"}],"author":[{"embeddable":true,"href":"https:\/\/www.vallecamping.se\/no\/wp-json\/wp\/v2\/users\/2"}],"replies":[{"embeddable":true,"href":"https:\/\/www.vallecamping.se\/no\/wp-json\/wp\/v2\/comments?post=16262"}],"version-history":[{"count":2,"href":"https:\/\/www.vallecamping.se\/no\/wp-json\/wp\/v2\/posts\/16262\/revisions"}],"predecessor-version":[{"id":16265,"href":"https:\/\/www.vallecamping.se\/no\/wp-json\/wp\/v2\/posts\/16262\/revisions\/16265"}],"wp:featuredmedia":[{"embeddable":true,"href":"https:\/\/www.vallecamping.se\/no\/wp-json\/wp\/v2\/media\/16263"}],"wp:attachment":[{"href":"https:\/\/www.vallecamping.se\/no\/wp-json\/wp\/v2\/media?parent=16262"}],"wp:term":[{"taxonomy":"category","embeddable":true,"href":"https:\/\/www.vallecamping.se\/no\/wp-json\/wp\/v2\/categories?post=16262"},{"taxonomy":"post_tag","embeddable":true,"href":"https:\/\/www.vallecamping.se\/no\/wp-json\/wp\/v2\/tags?post=16262"}],"curies":[{"name":"wp","href":"https:\/\/api.w.org\/{rel}","templated":true}]}}