{"id":16235,"date":"2024-04-20T18:25:37","date_gmt":"2024-04-20T18:25:37","guid":{"rendered":"https:\/\/www.vallecamping.se\/bestill-ladeplass-for-elbil\/"},"modified":"2025-06-01T19:42:13","modified_gmt":"2025-06-01T19:42:13","slug":"bestill-ladeplass-for-elbil","status":"publish","type":"post","link":"https:\/\/www.vallecamping.se\/no\/bestill-ladeplass-for-elbil\/","title":{"rendered":"Bestill ladeplass for elbil"},"content":{"rendered":"<p>[et_pb_section fb_built=&raquo;1&#8243; _builder_version=&raquo;4.16&#8243; _module_preset=&raquo;default&raquo; background_color=&raquo;rgba(0,0,0,0)&raquo; custom_margin=&raquo;-34px|||||&raquo; custom_padding=&raquo;16px||33px|||&raquo; da_disable_devices=&raquo;off|off|off&raquo; global_colors_info=&raquo;{}&raquo; theme_builder_area=&raquo;post_content&raquo; da_is_popup=&raquo;off&raquo; da_exit_intent=&raquo;off&raquo; da_has_close=&raquo;on&raquo; da_alt_close=&raquo;off&raquo; da_dark_close=&raquo;off&raquo; da_not_modal=&raquo;on&raquo; da_is_singular=&raquo;off&raquo; da_with_loader=&raquo;off&raquo; da_has_shadow=&raquo;on&raquo;][et_pb_row column_structure=&raquo;3_4,1_4&#8243; use_custom_gutter=&raquo;on&raquo; gutter_width=&raquo;2&#8243; _builder_version=&raquo;4.16&#8243; _module_preset=&raquo;default&raquo; width=&raquo;100%&raquo; max_width=&raquo;1280px&raquo; custom_margin=&raquo;16px|auto||auto|false|false&raquo; custom_padding=&raquo;8px||0px|||&raquo; global_colors_info=&raquo;{}&raquo; theme_builder_area=&raquo;post_content&raquo;][et_pb_column type=&raquo;3_4&#8243; _builder_version=&raquo;4.16&#8243; _module_preset=&raquo;default&raquo; global_colors_info=&raquo;{}&raquo; theme_builder_area=&raquo;post_content&raquo;][et_pb_text content_last_edited=&raquo;off|desktop&raquo; _builder_version=&raquo;4.25.2&#8243; _module_preset=&raquo;default&raquo; header_2_font=&raquo;|600||on|||||&raquo; header_2_text_color=&raquo;#004890&#8243; header_2_font_size=&raquo;19px&raquo; header_3_font=&raquo;|700|||||||&raquo; header_3_text_color=&raquo;#004890&#8243; header_3_font_size=&raquo;15px&raquo; background_color=&raquo;rgba(255,255,255,0.94)&raquo; custom_margin=&raquo;||10px|||&raquo; custom_padding=&raquo;20px|10px|20px|10px|true|false&raquo; border_radii=&raquo;on|9px|9px|9px|9px&raquo; global_colors_info=&raquo;{}&raquo; theme_builder_area=&raquo;post_content&raquo;]<\/p>\n<p>Vi mener det skal v\u00e6re enkelt \u00e5 reise med elbil, og det er jo deilig \u00e5 vite at en lader venter n\u00e5r man ankommer destinasjonen etter en lang reise med bare noen f\u00e5 prosent igjen p\u00e5 batteriet. Hos oss kan du bestille ladeplass for elbil under oppholdet ditt p\u00e5 Valle Camping. P\u00e5 den m\u00e5ten vet du at bilen vil v\u00e6re ladet og klar for neste dag, og du sparer kanskje et ekstra stopp p\u00e5 veien.  <\/p>\n<h2>DIN EGEN LADEPLASS<\/h2>\n<p>N\u00e5 har du mulighet til \u00e5 bestille en egen elbilladeplass p\u00e5 Valle Camping.<\/p>\n<p>For en fast kostnad per natt og kj\u00f8ret\u00f8y f\u00e5r du tilgang til en lader under hele oppholdet p\u00e5 Valle Camping AB. Vi har 4 ladeplasser for elbil (Type 2-kontakt) hvor hver kontakt gir 22 kW. Valle Camping er en liten campingplass, og ladeplassene ligger n\u00e6r alle v\u00e5re overnattingsmuligheter. I prisen for ladeplassen inng\u00e5r str\u00f8mmen du bruker til bilen fra innsjekk til utsjekk. Du m\u00e5 ta med egen Type 2-ladekabel.    <\/p>\n<h2>BESTILL SLIK<\/h2>\n<p>Bestill ladeplass samtidig som du bestiller overnatting, eller kontakt oss p\u00e5 <a href=\"mailto:info@vallecamping.se\">info@vallecamping.se<\/a> eller +4651162109, s\u00e5 legger vi til ladeplass i bestillingen din. Dersom det er ledig kapasitet, kan dette ogs\u00e5 legges til ved ankomst. <\/p>\n<h2><span>PRIS PER NATT OG KJ\u00d8RET\u00d8Y<\/span><\/h2>\n<p><span>Prisen gjelder per natt og kj\u00f8ret\u00f8y (registreringsnummer). <\/span><\/p>\n<p><span>Bor du flere netter, m\u00e5 du legge til like mange ladeplasser som antall netter dersom du \u00f8nsker ladeplass under hele oppholdet. <\/span><\/p>\n<p>For \u00f8yeblikket har vi ikke mulighet til \u00e5 tilby lading p\u00e5 annen m\u00e5te. Har du sp\u00f8rsm\u00e5l om v\u00e5re ladeplasser, er du selvf\u00f8lgelig alltid velkommen til \u00e5 kontakte oss. <\/p>\n<p>[\/et_pb_text][\/et_pb_column][et_pb_column _builder_version=&raquo;4.27.0&#8243; _module_preset=&raquo;default&raquo; type=&raquo;1_4&#8243; theme_builder_area=&raquo;post_content&raquo;][et_pb_image src=&raquo;https:\/\/www.vallecamping.se\/wp-content\/uploads\/2024\/04\/Elbilsladdare.jpg&raquo; alt=&raquo;Elbilladeplass&raquo; title_text=&raquo;Elbilladeplass&raquo; align=&raquo;right&raquo; _builder_version=&raquo;4.25.0&#8243; _module_preset=&raquo;default&raquo; max_height=&raquo;438px&raquo; border_radii=&raquo;on|10px|10px|10px|10px&raquo; global_colors_info=&raquo;{}&raquo; theme_builder_area=&raquo;post_content&raquo;][\/et_pb_image][\/et_pb_column][\/et_pb_row][et_pb_row column_structure=&raquo;2_3,1_3&#8243; use_custom_gutter=&raquo;on&raquo; gutter_width=&raquo;2&#8243; _builder_version=&raquo;4.16&#8243; _module_preset=&raquo;default&raquo; width=&raquo;100%&raquo; max_width=&raquo;1280px&raquo; custom_margin=&raquo;16px|auto||auto|false|false&raquo; custom_padding=&raquo;8px||14px|||&raquo; global_colors_info=&raquo;{}&raquo; theme_builder_area=&raquo;post_content&raquo;][et_pb_column type=&raquo;2_3&#8243; _builder_version=&raquo;4.16&#8243; _module_preset=&raquo;default&raquo; global_colors_info=&raquo;{}&raquo; theme_builder_area=&raquo;post_content&raquo;][et_pb_text content_last_edited=&raquo;off|desktop&raquo; _builder_version=&raquo;4.24.3&#8243; _module_preset=&raquo;default&raquo; header_2_font=&raquo;|600||on|||||&raquo; header_2_text_color=&raquo;#004890&#8243; header_2_font_size=&raquo;19px&raquo; header_3_font=&raquo;|700|||||||&raquo; header_3_text_color=&raquo;#004890&#8243; header_3_font_size=&raquo;15px&raquo; background_color=&raquo;rgba(255,255,255,0.94)&raquo; custom_margin=&raquo;||10px|||&raquo; custom_padding=&raquo;20px|10px|20px|10px|true|false&raquo; border_radii=&raquo;off|9px|9px||&raquo; global_colors_info=&raquo;{}&raquo; theme_builder_area=&raquo;post_content&raquo;]<\/p>\n<h1><span style=\"font-size: 16px;\"><\/span><\/h1>\n<h2>FORBUDT \u00c5 KOBLE LADBART KJ\u00d8RET\u00d8Y TIL VANLIGE KONTAKTER<\/h2>\n<h1><img decoding=\"async\" data-src=\"https:\/\/www.vallecamping.se\/wp-content\/uploads\/2024\/04\/Elbil_i_vanligt-uttag-300x268.png\" width=\"70\" height=\"62\" alt=\"\" class=\"wp-image-13044 alignleft size-medium lazyload\" src=\"data:image\/svg+xml;base64,PHN2ZyB3aWR0aD0iMSIgaGVpZ2h0PSIxIiB4bWxucz0iaHR0cDovL3d3dy53My5vcmcvMjAwMC9zdmciPjwvc3ZnPg==\" style=\"--smush-placeholder-width: 70px; --smush-placeholder-aspect-ratio: 70\/62;\"><\/h1>\n<p>Det er <strong>strengt forbudt<\/strong> \u00e5 koble el-drevne kj\u00f8ret\u00f8y (el- og hybridbiler, sparkesykler osv.) til de vanlige stikkontaktene p\u00e5 omr\u00e5det. Dette gjelder alle uttak p\u00e5 hele campingplassen. <\/p>\n<p>Kj\u00f8ret\u00f8y som kobles til vanlige uttak belastes med gebyr for ulovlig parkering eller tilleggsavgift i henhold til bestillingsvilk\u00e5rene.<\/p>\n<h2>Ladere i n\u00e6romr\u00e5det<\/h2>\n<p>Ved butikken i Axvall, noen kilometer fra Valle Camping, har det lokale nettselskapet Valle Energi satt opp en 50 kW-lader (CCS\/CHAdeMO). Dette er faktisk for \u00f8yeblikket den raskeste laderen i mils omkrets. (I Sk\u00f6vde finnes en 175 kW CCS-lader.)  <\/p>\n<p><a href=\"https:\/\/chargefinder.com\/se\/ladda-elbil-axvall-ica-nara-axvall\/8nw62w?https:\/\/www.google.com\/maps\/place\/ICA%20N%C3%A4ra%20Axvall,Bangatan%205%2C%20Axvall%2C%20Sweden\/@58.38739,13.57212,16z\" target=\"_blank\" rel=\"noopener\">LENKE TIL LADEREN VED BUTIKKEN I AXVALL (CHARGEFINDER)<\/a><\/p>\n<h2>Andre ladere i n\u00e6rheten<\/h2>\n<p>Dersom du har mulighet til \u00e5 tilbringe litt mer tid i Axvall eller vil kombinere med en lengre spasertur, finnes det ytterligere noen 22 kW-ladere i Axvall.<\/p>\n<p><a href=\"https:\/\/chargefinder.com\/se\/ladda-elbil-axvall-husaren-axvall\/287nej?https:\/\/www.google.com\/maps\/place\/Husaren%20Axvall,Skarav%C3%A4gen%2C%20Axvall%2C%20Sweden\/@58.388622,13.575546,16z\" target=\"_blank\" rel=\"noopener\">LENKE LADER HUSAREN<\/a> <a href=\"https:\/\/chargefinder.com\/se\/ladda-elbil-axvall-valleskolan-axvall\/wr6w3q?https:\/\/www.google.com\/maps\/place\/Valleskolan%2C%20Axvall,Hedv%C3%A4gen%203%2C%20Axvall%2C%20Sweden\/@58.389721,13.574745,16z\" target=\"_blank\" rel=\"noopener\">LENKE LADER VALLESKOLAN<\/a><\/p>\n<p>[\/et_pb_text][\/et_pb_column][et_pb_column type=&raquo;1_3&#8243; _builder_version=&raquo;4.16&#8243; _module_preset=&raquo;default&raquo; global_colors_info=&raquo;{}&raquo; theme_builder_area=&raquo;post_content&raquo;][et_pb_image src=&raquo;https:\/\/www.vallecamping.se\/wp-content\/uploads\/2022\/06\/Laddare_axvall.jpg&raquo; alt=&raquo;Lader_ica-Axvall&raquo; title_text=&raquo;Lader_axvall&raquo; align=&raquo;right&raquo; _builder_version=&raquo;4.24.3&#8243; _module_preset=&raquo;default&raquo; max_height=&raquo;438px&raquo; border_radii=&raquo;on|10px|10px|10px|10px&raquo; global_colors_info=&raquo;{}&raquo; theme_builder_area=&raquo;post_content&raquo;][\/et_pb_image][\/et_pb_column][\/et_pb_row][\/et_pb_section]<\/p>\n","protected":false},"excerpt":{"rendered":"<p>Vi mener det skal v\u00e6re enkelt \u00e5 reise med elbil, og det er jo deilig \u00e5 vite at en lader venter n\u00e5r man ankommer destinasjonen etter en lang reise med bare noen f\u00e5 prosent igjen p\u00e5 batteriet. Hos oss kan du bestille ladeplass for elbil under oppholdet ditt p\u00e5 Valle Camping. P\u00e5 den m\u00e5ten vet [&hellip;]<\/p>\n","protected":false},"author":1,"featured_media":16236,"comment_status":"closed","ping_status":"open","sticky":false,"template":"","format":"standard","meta":{"_et_pb_use_builder":"on","_et_pb_old_content":"","_et_gb_content_width":"","footnotes":""},"categories":[275,247],"tags":[],"class_list":["post-16235","post","type-post","status-publish","format-standard","has-post-thumbnail","hentry","category-praktisk-informasjon","category-uncategorized-no"],"yoast_head":"<!-- This site is optimized with the Yoast SEO plugin v27.5 - https:\/\/yoast.com\/product\/yoast-seo-wordpress\/ -->\n<title>Bestill ladeplass for elbil - Valle Camping AB<\/title>\n<meta name=\"description\" content=\"Antallet elbiler og ladbare hybrider \u00f8ker raskt, noe som er fantastisk. Her finner du informasjon om hva som gjelder for elbillading.\" \/>\n<meta name=\"robots\" content=\"index, follow, max-snippet:-1, max-image-preview:large, max-video-preview:-1\" \/>\n<link rel=\"canonical\" href=\"https:\/\/www.vallecamping.se\/no\/bestill-ladeplass-for-elbil\/\" \/>\n<meta property=\"og:locale\" content=\"nb_NO\" \/>\n<meta property=\"og:type\" content=\"article\" \/>\n<meta property=\"og:title\" content=\"Bestill ladeplass for elbil - Valle Camping AB\" \/>\n<meta property=\"og:description\" content=\"Antallet elbiler og ladbare hybrider \u00f8ker raskt, noe som er fantastisk. Her finner du informasjon om hva som gjelder for elbillading.\" \/>\n<meta property=\"og:url\" content=\"https:\/\/www.vallecamping.se\/no\/bestill-ladeplass-for-elbil\/\" \/>\n<meta property=\"og:site_name\" content=\"Valle Camping AB\" \/>\n<meta property=\"article:publisher\" content=\"https:\/\/www.facebook.com\/vallecamping\" \/>\n<meta property=\"article:published_time\" content=\"2024-04-20T18:25:37+00:00\" \/>\n<meta property=\"article:modified_time\" content=\"2025-06-01T19:42:13+00:00\" \/>\n<meta property=\"og:image\" content=\"https:\/\/www.vallecamping.se\/wp-content\/uploads\/2022\/06\/Elbilsladdning_axvall_50.jpg\" \/>\n\t<meta property=\"og:image:width\" content=\"1920\" \/>\n\t<meta property=\"og:image:height\" content=\"1080\" \/>\n\t<meta property=\"og:image:type\" content=\"image\/jpeg\" \/>\n<meta name=\"author\" content=\"Fredrik\" \/>\n<meta name=\"twitter:card\" content=\"summary_large_image\" \/>\n<meta name=\"twitter:label1\" content=\"Skrevet av\" \/>\n\t<meta name=\"twitter:data1\" content=\"Fredrik\" \/>\n\t<meta name=\"twitter:label2\" content=\"Ansl. lesetid\" \/>\n\t<meta name=\"twitter:data2\" content=\"4 minutter\" \/>\n<script type=\"application\/ld+json\" class=\"yoast-schema-graph\">{\"@context\":\"https:\\\/\\\/schema.org\",\"@graph\":[{\"@type\":\"Article\",\"@id\":\"https:\\\/\\\/www.vallecamping.se\\\/no\\\/bestill-ladeplass-for-elbil\\\/#article\",\"isPartOf\":{\"@id\":\"https:\\\/\\\/www.vallecamping.se\\\/no\\\/bestill-ladeplass-for-elbil\\\/\"},\"author\":{\"name\":\"Fredrik\",\"@id\":\"https:\\\/\\\/www.vallecamping.se\\\/no\\\/#\\\/schema\\\/person\\\/451d1fc4dc0ce2f707270822b00e47a4\"},\"headline\":\"Bestill ladeplass for elbil\",\"datePublished\":\"2024-04-20T18:25:37+00:00\",\"dateModified\":\"2025-06-01T19:42:13+00:00\",\"mainEntityOfPage\":{\"@id\":\"https:\\\/\\\/www.vallecamping.se\\\/no\\\/bestill-ladeplass-for-elbil\\\/\"},\"wordCount\":875,\"publisher\":{\"@id\":\"https:\\\/\\\/www.vallecamping.se\\\/no\\\/#organization\"},\"image\":{\"@id\":\"https:\\\/\\\/www.vallecamping.se\\\/no\\\/bestill-ladeplass-for-elbil\\\/#primaryimage\"},\"thumbnailUrl\":\"https:\\\/\\\/www.vallecamping.se\\\/wp-content\\\/uploads\\\/2022\\\/06\\\/Elbilsladdning_axvall_50.jpg\",\"articleSection\":[\"Praktisk informasjon\",\"Uncategorized @no\"],\"inLanguage\":\"nb-NO\"},{\"@type\":\"WebPage\",\"@id\":\"https:\\\/\\\/www.vallecamping.se\\\/no\\\/bestill-ladeplass-for-elbil\\\/\",\"url\":\"https:\\\/\\\/www.vallecamping.se\\\/no\\\/bestill-ladeplass-for-elbil\\\/\",\"name\":\"Bestill ladeplass for elbil - Valle Camping AB\",\"isPartOf\":{\"@id\":\"https:\\\/\\\/www.vallecamping.se\\\/no\\\/#website\"},\"primaryImageOfPage\":{\"@id\":\"https:\\\/\\\/www.vallecamping.se\\\/no\\\/bestill-ladeplass-for-elbil\\\/#primaryimage\"},\"image\":{\"@id\":\"https:\\\/\\\/www.vallecamping.se\\\/no\\\/bestill-ladeplass-for-elbil\\\/#primaryimage\"},\"thumbnailUrl\":\"https:\\\/\\\/www.vallecamping.se\\\/wp-content\\\/uploads\\\/2022\\\/06\\\/Elbilsladdning_axvall_50.jpg\",\"datePublished\":\"2024-04-20T18:25:37+00:00\",\"dateModified\":\"2025-06-01T19:42:13+00:00\",\"description\":\"Antallet elbiler og ladbare hybrider \u00f8ker raskt, noe som er fantastisk. Her finner du informasjon om hva som gjelder for elbillading.\",\"breadcrumb\":{\"@id\":\"https:\\\/\\\/www.vallecamping.se\\\/no\\\/bestill-ladeplass-for-elbil\\\/#breadcrumb\"},\"inLanguage\":\"nb-NO\",\"potentialAction\":[{\"@type\":\"ReadAction\",\"target\":[\"https:\\\/\\\/www.vallecamping.se\\\/no\\\/bestill-ladeplass-for-elbil\\\/\"]}]},{\"@type\":\"ImageObject\",\"inLanguage\":\"nb-NO\",\"@id\":\"https:\\\/\\\/www.vallecamping.se\\\/no\\\/bestill-ladeplass-for-elbil\\\/#primaryimage\",\"url\":\"https:\\\/\\\/www.vallecamping.se\\\/wp-content\\\/uploads\\\/2022\\\/06\\\/Elbilsladdning_axvall_50.jpg\",\"contentUrl\":\"https:\\\/\\\/www.vallecamping.se\\\/wp-content\\\/uploads\\\/2022\\\/06\\\/Elbilsladdning_axvall_50.jpg\",\"width\":1920,\"height\":1080,\"caption\":\"Din egen laddplats p\u00e5 campingen. Du bokar den genom att kontakta oss\"},{\"@type\":\"BreadcrumbList\",\"@id\":\"https:\\\/\\\/www.vallecamping.se\\\/no\\\/bestill-ladeplass-for-elbil\\\/#breadcrumb\",\"itemListElement\":[{\"@type\":\"ListItem\",\"position\":1,\"name\":\"Hem\",\"item\":\"https:\\\/\\\/www.vallecamping.se\\\/no\\\/camping-naer-skara-sommarland\\\/\"},{\"@type\":\"ListItem\",\"position\":2,\"name\":\"Bestill ladeplass for elbil\"}]},{\"@type\":\"WebSite\",\"@id\":\"https:\\\/\\\/www.vallecamping.se\\\/no\\\/#website\",\"url\":\"https:\\\/\\\/www.vallecamping.se\\\/no\\\/\",\"name\":\"Valle Camping AB\",\"description\":\"Valle Camping - Stugor, camping, st\u00e4llplatser och vandrarhem vid sj\u00f6 i vackra Valle n\u00e4ra Skara sommarland, Hornborgasj\u00f6n, Varnhems klosterkyrka, Kata g\u00e5rd med mera\",\"publisher\":{\"@id\":\"https:\\\/\\\/www.vallecamping.se\\\/no\\\/#organization\"},\"alternateName\":\"Valle camping\",\"potentialAction\":[{\"@type\":\"SearchAction\",\"target\":{\"@type\":\"EntryPoint\",\"urlTemplate\":\"https:\\\/\\\/www.vallecamping.se\\\/no\\\/?s={search_term_string}\"},\"query-input\":{\"@type\":\"PropertyValueSpecification\",\"valueRequired\":true,\"valueName\":\"search_term_string\"}}],\"inLanguage\":\"nb-NO\"},{\"@type\":\"Organization\",\"@id\":\"https:\\\/\\\/www.vallecamping.se\\\/no\\\/#organization\",\"name\":\"Valle camping AB\",\"alternateName\":\"Valle camping\",\"url\":\"https:\\\/\\\/www.vallecamping.se\\\/no\\\/\",\"logo\":{\"@type\":\"ImageObject\",\"inLanguage\":\"nb-NO\",\"@id\":\"https:\\\/\\\/www.vallecamping.se\\\/no\\\/#\\\/schema\\\/logo\\\/image\\\/\",\"url\":\"https:\\\/\\\/www.vallecamping.se\\\/wp-content\\\/uploads\\\/2023\\\/03\\\/Valle-Camping-Icon2303-1.png\",\"contentUrl\":\"https:\\\/\\\/www.vallecamping.se\\\/wp-content\\\/uploads\\\/2023\\\/03\\\/Valle-Camping-Icon2303-1.png\",\"width\":500,\"height\":496,\"caption\":\"Valle camping AB\"},\"image\":{\"@id\":\"https:\\\/\\\/www.vallecamping.se\\\/no\\\/#\\\/schema\\\/logo\\\/image\\\/\"},\"sameAs\":[\"https:\\\/\\\/www.facebook.com\\\/vallecamping\",\"https:\\\/\\\/www.instagram.com\\\/vallecampingstugor\\\/\",\"https:\\\/\\\/www.youtube.com\\\/channel\\\/UCoJUm2JGJm1kc46V1JnI47Q\"]},{\"@type\":\"Person\",\"@id\":\"https:\\\/\\\/www.vallecamping.se\\\/no\\\/#\\\/schema\\\/person\\\/451d1fc4dc0ce2f707270822b00e47a4\",\"name\":\"Fredrik\",\"sameAs\":[\"https:\\\/\\\/www.vallecamping.se\"]}]}<\/script>\n<!-- \/ Yoast SEO plugin. -->","yoast_head_json":{"title":"Bestill ladeplass for elbil - Valle Camping AB","description":"Antallet elbiler og ladbare hybrider \u00f8ker raskt, noe som er fantastisk. Her finner du informasjon om hva som gjelder for elbillading.","robots":{"index":"index","follow":"follow","max-snippet":"max-snippet:-1","max-image-preview":"max-image-preview:large","max-video-preview":"max-video-preview:-1"},"canonical":"https:\/\/www.vallecamping.se\/no\/bestill-ladeplass-for-elbil\/","og_locale":"nb_NO","og_type":"article","og_title":"Bestill ladeplass for elbil - Valle Camping AB","og_description":"Antallet elbiler og ladbare hybrider \u00f8ker raskt, noe som er fantastisk. Her finner du informasjon om hva som gjelder for elbillading.","og_url":"https:\/\/www.vallecamping.se\/no\/bestill-ladeplass-for-elbil\/","og_site_name":"Valle Camping AB","article_publisher":"https:\/\/www.facebook.com\/vallecamping","article_published_time":"2024-04-20T18:25:37+00:00","article_modified_time":"2025-06-01T19:42:13+00:00","og_image":[{"width":1920,"height":1080,"url":"https:\/\/www.vallecamping.se\/wp-content\/uploads\/2022\/06\/Elbilsladdning_axvall_50.jpg","type":"image\/jpeg"}],"author":"Fredrik","twitter_card":"summary_large_image","twitter_misc":{"Skrevet av":"Fredrik","Ansl. lesetid":"4 minutter"},"schema":{"@context":"https:\/\/schema.org","@graph":[{"@type":"Article","@id":"https:\/\/www.vallecamping.se\/no\/bestill-ladeplass-for-elbil\/#article","isPartOf":{"@id":"https:\/\/www.vallecamping.se\/no\/bestill-ladeplass-for-elbil\/"},"author":{"name":"Fredrik","@id":"https:\/\/www.vallecamping.se\/no\/#\/schema\/person\/451d1fc4dc0ce2f707270822b00e47a4"},"headline":"Bestill ladeplass for elbil","datePublished":"2024-04-20T18:25:37+00:00","dateModified":"2025-06-01T19:42:13+00:00","mainEntityOfPage":{"@id":"https:\/\/www.vallecamping.se\/no\/bestill-ladeplass-for-elbil\/"},"wordCount":875,"publisher":{"@id":"https:\/\/www.vallecamping.se\/no\/#organization"},"image":{"@id":"https:\/\/www.vallecamping.se\/no\/bestill-ladeplass-for-elbil\/#primaryimage"},"thumbnailUrl":"https:\/\/www.vallecamping.se\/wp-content\/uploads\/2022\/06\/Elbilsladdning_axvall_50.jpg","articleSection":["Praktisk informasjon","Uncategorized @no"],"inLanguage":"nb-NO"},{"@type":"WebPage","@id":"https:\/\/www.vallecamping.se\/no\/bestill-ladeplass-for-elbil\/","url":"https:\/\/www.vallecamping.se\/no\/bestill-ladeplass-for-elbil\/","name":"Bestill ladeplass for elbil - Valle Camping AB","isPartOf":{"@id":"https:\/\/www.vallecamping.se\/no\/#website"},"primaryImageOfPage":{"@id":"https:\/\/www.vallecamping.se\/no\/bestill-ladeplass-for-elbil\/#primaryimage"},"image":{"@id":"https:\/\/www.vallecamping.se\/no\/bestill-ladeplass-for-elbil\/#primaryimage"},"thumbnailUrl":"https:\/\/www.vallecamping.se\/wp-content\/uploads\/2022\/06\/Elbilsladdning_axvall_50.jpg","datePublished":"2024-04-20T18:25:37+00:00","dateModified":"2025-06-01T19:42:13+00:00","description":"Antallet elbiler og ladbare hybrider \u00f8ker raskt, noe som er fantastisk. Her finner du informasjon om hva som gjelder for elbillading.","breadcrumb":{"@id":"https:\/\/www.vallecamping.se\/no\/bestill-ladeplass-for-elbil\/#breadcrumb"},"inLanguage":"nb-NO","potentialAction":[{"@type":"ReadAction","target":["https:\/\/www.vallecamping.se\/no\/bestill-ladeplass-for-elbil\/"]}]},{"@type":"ImageObject","inLanguage":"nb-NO","@id":"https:\/\/www.vallecamping.se\/no\/bestill-ladeplass-for-elbil\/#primaryimage","url":"https:\/\/www.vallecamping.se\/wp-content\/uploads\/2022\/06\/Elbilsladdning_axvall_50.jpg","contentUrl":"https:\/\/www.vallecamping.se\/wp-content\/uploads\/2022\/06\/Elbilsladdning_axvall_50.jpg","width":1920,"height":1080,"caption":"Din egen laddplats p\u00e5 campingen. Du bokar den genom att kontakta oss"},{"@type":"BreadcrumbList","@id":"https:\/\/www.vallecamping.se\/no\/bestill-ladeplass-for-elbil\/#breadcrumb","itemListElement":[{"@type":"ListItem","position":1,"name":"Hem","item":"https:\/\/www.vallecamping.se\/no\/camping-naer-skara-sommarland\/"},{"@type":"ListItem","position":2,"name":"Bestill ladeplass for elbil"}]},{"@type":"WebSite","@id":"https:\/\/www.vallecamping.se\/no\/#website","url":"https:\/\/www.vallecamping.se\/no\/","name":"Valle Camping AB","description":"Valle Camping - Stugor, camping, st\u00e4llplatser och vandrarhem vid sj\u00f6 i vackra Valle n\u00e4ra Skara sommarland, Hornborgasj\u00f6n, Varnhems klosterkyrka, Kata g\u00e5rd med mera","publisher":{"@id":"https:\/\/www.vallecamping.se\/no\/#organization"},"alternateName":"Valle camping","potentialAction":[{"@type":"SearchAction","target":{"@type":"EntryPoint","urlTemplate":"https:\/\/www.vallecamping.se\/no\/?s={search_term_string}"},"query-input":{"@type":"PropertyValueSpecification","valueRequired":true,"valueName":"search_term_string"}}],"inLanguage":"nb-NO"},{"@type":"Organization","@id":"https:\/\/www.vallecamping.se\/no\/#organization","name":"Valle camping AB","alternateName":"Valle camping","url":"https:\/\/www.vallecamping.se\/no\/","logo":{"@type":"ImageObject","inLanguage":"nb-NO","@id":"https:\/\/www.vallecamping.se\/no\/#\/schema\/logo\/image\/","url":"https:\/\/www.vallecamping.se\/wp-content\/uploads\/2023\/03\/Valle-Camping-Icon2303-1.png","contentUrl":"https:\/\/www.vallecamping.se\/wp-content\/uploads\/2023\/03\/Valle-Camping-Icon2303-1.png","width":500,"height":496,"caption":"Valle camping AB"},"image":{"@id":"https:\/\/www.vallecamping.se\/no\/#\/schema\/logo\/image\/"},"sameAs":["https:\/\/www.facebook.com\/vallecamping","https:\/\/www.instagram.com\/vallecampingstugor\/","https:\/\/www.youtube.com\/channel\/UCoJUm2JGJm1kc46V1JnI47Q"]},{"@type":"Person","@id":"https:\/\/www.vallecamping.se\/no\/#\/schema\/person\/451d1fc4dc0ce2f707270822b00e47a4","name":"Fredrik","sameAs":["https:\/\/www.vallecamping.se"]}]}},"_links":{"self":[{"href":"https:\/\/www.vallecamping.se\/no\/wp-json\/wp\/v2\/posts\/16235","targetHints":{"allow":["GET"]}}],"collection":[{"href":"https:\/\/www.vallecamping.se\/no\/wp-json\/wp\/v2\/posts"}],"about":[{"href":"https:\/\/www.vallecamping.se\/no\/wp-json\/wp\/v2\/types\/post"}],"author":[{"embeddable":true,"href":"https:\/\/www.vallecamping.se\/no\/wp-json\/wp\/v2\/users\/1"}],"replies":[{"embeddable":true,"href":"https:\/\/www.vallecamping.se\/no\/wp-json\/wp\/v2\/comments?post=16235"}],"version-history":[{"count":2,"href":"https:\/\/www.vallecamping.se\/no\/wp-json\/wp\/v2\/posts\/16235\/revisions"}],"predecessor-version":[{"id":16238,"href":"https:\/\/www.vallecamping.se\/no\/wp-json\/wp\/v2\/posts\/16235\/revisions\/16238"}],"wp:featuredmedia":[{"embeddable":true,"href":"https:\/\/www.vallecamping.se\/no\/wp-json\/wp\/v2\/media\/16236"}],"wp:attachment":[{"href":"https:\/\/www.vallecamping.se\/no\/wp-json\/wp\/v2\/media?parent=16235"}],"wp:term":[{"taxonomy":"category","embeddable":true,"href":"https:\/\/www.vallecamping.se\/no\/wp-json\/wp\/v2\/categories?post=16235"},{"taxonomy":"post_tag","embeddable":true,"href":"https:\/\/www.vallecamping.se\/no\/wp-json\/wp\/v2\/tags?post=16235"}],"curies":[{"name":"wp","href":"https:\/\/api.w.org\/{rel}","templated":true}]}}