{"id":14836,"date":"2025-05-08T20:05:55","date_gmt":"2025-05-08T20:05:55","guid":{"rendered":"https:\/\/www.vallecamping.se\/?p=14836"},"modified":"2025-05-08T20:05:56","modified_gmt":"2025-05-08T20:05:56","slug":"welkom-17","status":"publish","type":"post","link":"https:\/\/www.vallecamping.se\/nl\/welkom-17\/","title":{"rendered":"Welkom"},"content":{"rendered":"<p>[et_pb_section fb_built=&#8221;1&#8243; _builder_version=&#8221;4.16&#8243; _module_preset=&#8221;default&#8221; background_color=&#8221;rgba(0,0,0,0)&#8221; custom_margin=&#8221;-34px|||||&#8221; custom_padding=&#8221;16px||33px|||&#8221; da_disable_devices=&#8221;off|off|off&#8221; global_colors_info=&#8221;{}&#8221; theme_builder_area=&#8221;post_content&#8221; da_is_popup=&#8221;off&#8221; da_exit_intent=&#8221;off&#8221; da_has_close=&#8221;on&#8221; da_alt_close=&#8221;off&#8221; da_dark_close=&#8221;off&#8221; da_not_modal=&#8221;on&#8221; da_is_singular=&#8221;off&#8221; da_with_loader=&#8221;off&#8221; da_has_shadow=&#8221;on&#8221;][et_pb_row column_structure=&#8221;3_5,2_5&#8243; use_custom_gutter=&#8221;on&#8221; gutter_width=&#8221;2&#8243; _builder_version=&#8221;4.16&#8243; _module_preset=&#8221;default&#8221; width=&#8221;100%&#8221; max_width=&#8221;1280px&#8221; custom_margin=&#8221;16px|auto||auto|false|false&#8221; custom_padding=&#8221;8px||0px|||&#8221; global_colors_info=&#8221;{}&#8221; theme_builder_area=&#8221;post_content&#8221;][et_pb_column type=&#8221;3_5&#8243; _builder_version=&#8221;4.16&#8243; _module_preset=&#8221;default&#8221; global_colors_info=&#8221;{}&#8221; theme_builder_area=&#8221;post_content&#8221;][et_pb_text content_last_edited=&#8221;off|desktop&#8221; _builder_version=&#8221;4.27.4&#8243; _module_preset=&#8221;default&#8221; text_text_color=&#8221;#000000&#8243; text_font_size=&#8221;18px&#8221; link_font=&#8221;|600|||on||||dotted&#8221; link_text_color=&#8221;#001f3f&#8221; header_text_color=&#8221;#ffffff&#8221; header_font_size=&#8221;34px&#8221; header_2_font=&#8221;|700||on|||||&#8221; header_2_text_color=&#8221;#002860&#8243; header_2_font_size=&#8221;30px&#8221; background_color=&#8221;#FFFFFF&#8221; custom_margin=&#8221;||-2px|||&#8221; custom_padding=&#8221;20px|20px|20px|20px|true|true&#8221; text_font_size_tablet=&#8221;18px&#8221; text_font_size_phone=&#8221;14px&#8221; text_font_size_last_edited=&#8221;on|phone&#8221; header_2_font_size_tablet=&#8221;20px&#8221; header_2_font_size_phone=&#8221;20px&#8221; header_2_font_size_last_edited=&#8221;on|tablet&#8221; header_text_shadow_style=&#8221;preset1&#8243; border_radii=&#8221;on|6px|6px|6px|6px&#8221; global_colors_info=&#8221;{}&#8221; theme_builder_area=&#8221;post_content&#8221;]<\/p>\n<h2>V\u00e4lkommen till Valle camping!<\/h2>\n<p>Har du n\u00e5gra funderingar \u00e4r du alltid v\u00e4lkommen att h\u00f6ra av dig via e-post (info@vallecamping.se) eller telefon (0511-621 09)<\/p>\n<p>Hj\u00e4rtligt v\u00e4lkomna!<\/p>\n<p>Linus &amp; \u00c5se med personal<\/p>\n<p>[\/et_pb_text][\/et_pb_column][et_pb_column type=&#8221;2_5&#8243; _builder_version=&#8221;4.16&#8243; _module_preset=&#8221;default&#8221; global_colors_info=&#8221;{}&#8221; theme_builder_area=&#8221;post_content&#8221;][et_pb_text content_last_edited=&#8221;off|desktop&#8221; _builder_version=&#8221;4.27.4&#8243; _module_preset=&#8221;default&#8221; text_text_color=&#8221;#000000&#8243; text_font_size=&#8221;18px&#8221; link_font=&#8221;|600|||on||||dotted&#8221; link_text_color=&#8221;#001f3f&#8221; header_text_color=&#8221;#ffffff&#8221; header_font_size=&#8221;34px&#8221; header_2_font=&#8221;|700||on|||||&#8221; header_2_text_color=&#8221;#002860&#8243; header_2_font_size=&#8221;30px&#8221; background_color=&#8221;#FFFFFF&#8221; custom_margin=&#8221;||-2px|||&#8221; custom_padding=&#8221;20px|20px|20px|20px|true|true&#8221; text_font_size_tablet=&#8221;18px&#8221; text_font_size_phone=&#8221;14px&#8221; text_font_size_last_edited=&#8221;on|phone&#8221; header_2_font_size_tablet=&#8221;20px&#8221; header_2_font_size_phone=&#8221;20px&#8221; header_2_font_size_last_edited=&#8221;on|tablet&#8221; header_text_shadow_style=&#8221;preset1&#8243; border_radii=&#8221;on|6px|6px|6px|6px&#8221; global_colors_info=&#8221;{}&#8221; theme_builder_area=&#8221;post_content&#8221;]<\/p>\n<h2><strong>Inchecken en uitchecken<\/strong><\/h2>\n<p>De volgende tijden gelden voor in- en uitchecken. De inchecktijden geven aan vanaf wanneer u kunt inchecken, en de uitchecktijden geven aan wanneer u uiterlijk uw accommodatie moet verlaten. Bij late aankomst (na 22:00 uur) vragen wij u vriendelijk contact met ons op te nemen om een late check-in te regelen. <\/p>\n<p><strong>Camping<\/strong> <br \/>Inchecken:15:00 uur Uitchecken: 12:00 uur <br \/> <strong>Campinghut<\/strong> <br \/>Inchecken: 16:00 uur Uitchecken: 11:00 uur <br \/> <strong>Kamer in hostel<\/strong> <br \/>Inchecken: 16:00 uur Uitchecken: 11:00 uur<br \/>Incheckning 16:00 Utcheckning 11:00<\/p>\n<p>[\/et_pb_text][\/et_pb_column][\/et_pb_row][et_pb_row column_structure=&#8221;1_4,1_4,1_4,1_4&#8243; use_custom_gutter=&#8221;on&#8221; gutter_width=&#8221;2&#8243; _builder_version=&#8221;4.26.1&#8243; _module_preset=&#8221;default&#8221; width=&#8221;100%&#8221; max_width=&#8221;1280px&#8221; custom_margin=&#8221;16px|auto||auto|false|false&#8221; custom_padding=&#8221;8px||0px|||&#8221; global_colors_info=&#8221;{}&#8221; theme_builder_area=&#8221;post_content&#8221;][et_pb_column type=&#8221;1_4&#8243; _builder_version=&#8221;4.26.1&#8243; _module_preset=&#8221;default&#8221; global_colors_info=&#8221;{}&#8221; theme_builder_area=&#8221;post_content&#8221;][et_pb_cta title=&#8221;BEDDENGOED&#8221; _builder_version=&#8221;4.26.1&#8243; _module_preset=&#8221;default&#8221; header_font=&#8221;|800||on|||||&#8221; header_font_size=&#8221;25px&#8221; body_font_size=&#8221;16px&#8221; background_enable_color=&#8221;off&#8221; use_background_color_gradient=&#8221;on&#8221; background_color_gradient_type=&#8221;circular&#8221; background_color_gradient_stops=&#8221;rgba(0,72,144,0.6) 0%|rgba(255,255,255,0) 98%&#8221; background_color_gradient_overlays_image=&#8221;on&#8221; background_image=&#8221;https:\/\/www.vallecamping.se\/wp-content\/uploads\/2024\/06\/Sangklader_270x270-jpg.webp&#8221; background_pattern_repeat=&#8221;space&#8221; custom_button=&#8221;on&#8221; button_text_color=&#8221;#FFFFFF&#8221; button_bg_color=&#8221;rgba(255,255,255,0.6)&#8221; button_border_color=&#8221;rgba(255,255,255,0)&#8221; button_font=&#8221;|700||on|||||&#8221; header_text_shadow_style=&#8221;preset2&#8243; header_text_shadow_horizontal_length=&#8221;0.18em&#8221; header_text_shadow_vertical_length=&#8221;0.1em&#8221; body_text_shadow_style=&#8221;preset3&#8243; body_text_shadow_blur_strength=&#8221;0.47em&#8221; body_text_shadow_color=&#8221;#004890&#8243; border_radii=&#8221;on|10px|10px|10px|10px&#8221; button_text_shadow_style=&#8221;preset2&#8243; button_text_shadow_horizontal_length=&#8221;0.12em&#8221; button_text_shadow_blur_strength=&#8221;0.38em&#8221; button_text_shadow_color=&#8221;#004890&#8243; text_shadow_style=&#8221;preset5&#8243; text_shadow_blur_strength=&#8221;0.63em&#8221; text_shadow_color=&#8221;#004890&#8243; global_colors_info=&#8221;{}&#8221; theme_builder_area=&#8221;post_content&#8221;]<\/p>\n<p>Bespaart u het meenemen van beddengoed. Als u nog geen beddengoedset heeft bijgeboekt tijdens uw reservering, kunt u contact met ons opnemen via info@vallecamping.se om het aan uw boeking toe te voegen. De huur van het beddengoedset omvat een kussensloop, een dekbedovertrek, een laken en een handdoek.  <\/p>\n<p>[\/et_pb_cta][\/et_pb_column][et_pb_column type=&#8221;1_4&#8243; _builder_version=&#8221;4.26.1&#8243; _module_preset=&#8221;default&#8221; global_colors_info=&#8221;{}&#8221; theme_builder_area=&#8221;post_content&#8221;][et_pb_cta title=&#8221;LAADPLEK&#8221; button_url=&#8221;https:\/\/www.vallecamping.se\/nl\/elbilsladdning\/&#8221; button_text=&#8221;Lees meer&#8230;&#8221; _builder_version=&#8221;4.26.1&#8243; _module_preset=&#8221;default&#8221; header_font=&#8221;|800||on|||||&#8221; header_font_size=&#8221;25px&#8221; body_font_size=&#8221;16px&#8221; background_enable_color=&#8221;off&#8221; use_background_color_gradient=&#8221;on&#8221; background_color_gradient_type=&#8221;circular&#8221; background_color_gradient_stops=&#8221;rgba(0,72,144,0.6) 0%|rgba(255,255,255,0) 98%&#8221; background_color_gradient_overlays_image=&#8221;on&#8221; background_image=&#8221;https:\/\/www.vallecamping.se\/wp-content\/uploads\/2024\/05\/Elbilsladdning_270x270.jpg&#8221; background_pattern_repeat=&#8221;space&#8221; custom_button=&#8221;on&#8221; button_text_color=&#8221;#FFFFFF&#8221; button_bg_color=&#8221;rgba(255,255,255,0.6)&#8221; button_border_color=&#8221;rgba(255,255,255,0)&#8221; button_font=&#8221;|700||on|||||&#8221; header_text_shadow_style=&#8221;preset2&#8243; header_text_shadow_horizontal_length=&#8221;0.18em&#8221; header_text_shadow_vertical_length=&#8221;0.1em&#8221; body_text_shadow_style=&#8221;preset3&#8243; body_text_shadow_blur_strength=&#8221;0.47em&#8221; body_text_shadow_color=&#8221;#004890&#8243; border_radii=&#8221;on|10px|10px|10px|10px&#8221; button_text_shadow_style=&#8221;preset2&#8243; button_text_shadow_horizontal_length=&#8221;0.12em&#8221; button_text_shadow_blur_strength=&#8221;0.38em&#8221; button_text_shadow_color=&#8221;#004890&#8243; text_shadow_style=&#8221;preset5&#8243; text_shadow_blur_strength=&#8221;0.63em&#8221; text_shadow_color=&#8221;#004890&#8243; global_colors_info=&#8221;{}&#8221; theme_builder_area=&#8221;post_content&#8221;]<\/p>\n<p>Reserveer een laadplek voor uw elektrische auto.<\/p>\n<p>Als u nog niet geboekt heeft, kunt u dit doen door ons te bellen of te e-mailen.<\/p>\n<p>Hier kunt u meer lezen over de laadmogelijkheden.<\/p>\n<p>[\/et_pb_cta][\/et_pb_column][et_pb_column type=&#8221;1_4&#8243; _builder_version=&#8221;4.26.1&#8243; _module_preset=&#8221;default&#8221; global_colors_info=&#8221;{}&#8221; theme_builder_area=&#8221;post_content&#8221;][et_pb_cta title=&#8221;GENIET VAN DE SAUNA&#8221; button_url=&#8221;https:\/\/www.vallecamping.se\/nl\/bastu-2\/&#8221; button_text=&#8221;Lees meer&#8230;&#8221; _builder_version=&#8221;4.26.1&#8243; _module_preset=&#8221;default&#8221; header_font=&#8221;|800||on|||||&#8221; header_font_size=&#8221;25px&#8221; body_font_size=&#8221;16px&#8221; background_enable_color=&#8221;off&#8221; use_background_color_gradient=&#8221;on&#8221; background_color_gradient_type=&#8221;circular&#8221; background_color_gradient_stops=&#8221;rgba(0,72,144,0.6) 0%|rgba(255,255,255,0) 98%&#8221; background_color_gradient_overlays_image=&#8221;on&#8221; background_image=&#8221;https:\/\/www.vallecamping.se\/wp-content\/uploads\/2021\/07\/Bastubryggan-hang-valle-camping.jpg&#8221; background_pattern_repeat=&#8221;space&#8221; custom_button=&#8221;on&#8221; button_text_color=&#8221;#FFFFFF&#8221; button_bg_color=&#8221;rgba(255,255,255,0.6)&#8221; button_border_color=&#8221;rgba(255,255,255,0)&#8221; button_font=&#8221;|700||on|||||&#8221; header_text_shadow_style=&#8221;preset2&#8243; header_text_shadow_horizontal_length=&#8221;0.18em&#8221; header_text_shadow_vertical_length=&#8221;0.1em&#8221; body_text_shadow_style=&#8221;preset3&#8243; body_text_shadow_blur_strength=&#8221;0.47em&#8221; body_text_shadow_color=&#8221;#004890&#8243; border_radii=&#8221;on|10px|10px|10px|10px&#8221; button_text_shadow_style=&#8221;preset2&#8243; button_text_shadow_horizontal_length=&#8221;0.12em&#8221; button_text_shadow_blur_strength=&#8221;0.38em&#8221; button_text_shadow_color=&#8221;#004890&#8243; text_shadow_style=&#8221;preset5&#8243; text_shadow_blur_strength=&#8221;0.63em&#8221; text_shadow_color=&#8221;#004890&#8243; global_colors_info=&#8221;{}&#8221; theme_builder_area=&#8221;post_content&#8221;]<\/p>\n<p>Geniet van de Sauna Aan het einde van een van de steigers vind je onze houtgestookte sauna. Vanaf de steiger buiten kun je direct het meer in springen. Ongeacht het weer is een saunabezoek een heerlijke ontspannende ervaring.   <\/p>\n<p>[\/et_pb_cta][\/et_pb_column][et_pb_column type=&#8221;1_4&#8243; _builder_version=&#8221;4.26.1&#8243; _module_preset=&#8221;default&#8221; global_colors_info=&#8221;{}&#8221; theme_builder_area=&#8221;post_content&#8221;][\/et_pb_column][\/et_pb_row][et_pb_row column_structure=&#8221;2_5,3_5&#8243; use_custom_gutter=&#8221;on&#8221; gutter_width=&#8221;2&#8243; _builder_version=&#8221;4.26.1&#8243; _module_preset=&#8221;default&#8221; width=&#8221;100%&#8221; max_width=&#8221;1280px&#8221; custom_margin=&#8221;16px|auto||auto|false|false&#8221; custom_padding=&#8221;8px||0px|||&#8221; global_colors_info=&#8221;{}&#8221; theme_builder_area=&#8221;post_content&#8221;][et_pb_column type=&#8221;2_5&#8243; _builder_version=&#8221;4.26.1&#8243; _module_preset=&#8221;default&#8221; global_colors_info=&#8221;{}&#8221; theme_builder_area=&#8221;post_content&#8221;][et_pb_text content_last_edited=&#8221;off|desktop&#8221; _builder_version=&#8221;4.26.1&#8243; _module_preset=&#8221;default&#8221; text_text_color=&#8221;#000000&#8243; text_font_size=&#8221;18px&#8221; link_font=&#8221;|600|||on||||dotted&#8221; link_text_color=&#8221;#001f3f&#8221; header_text_color=&#8221;#ffffff&#8221; header_font_size=&#8221;34px&#8221; header_2_font=&#8221;|700||on|||||&#8221; header_2_text_color=&#8221;#002860&#8243; header_2_font_size=&#8221;30px&#8221; background_color=&#8221;#FFFFFF&#8221; custom_margin=&#8221;||-2px|||&#8221; custom_padding=&#8221;20px|20px|20px|20px|true|true&#8221; text_font_size_tablet=&#8221;18px&#8221; text_font_size_phone=&#8221;14px&#8221; text_font_size_last_edited=&#8221;on|phone&#8221; header_2_font_size_tablet=&#8221;20px&#8221; header_2_font_size_phone=&#8221;20px&#8221; header_2_font_size_last_edited=&#8221;on|tablet&#8221; header_text_shadow_style=&#8221;preset1&#8243; border_radii=&#8221;on|6px|6px|6px|6px&#8221; global_colors_info=&#8221;{}&#8221; theme_builder_area=&#8221;post_content&#8221;]<\/p>\n<h2>ZO VINDT U ONS<\/h2>\n<p>Valle Camping ligt aan het Husg\u00e4rdessj\u00f6n-meer in het prachtige Vallebygden-gebied in de provincie V\u00e4stra G\u00f6taland in wat vroeger de provincie Skaraborg was &#8211; het gebied tussen de meren V\u00e4nern en V\u00e4ttern.<\/p>\n<p>Je vindt ons op Sk\u00e4rv Per-Larsg\u00e5rden 2 langs de nationale weg 49, precies halverwege de steden Skara en Sk\u00f6vde bij het Hornborgasj\u00f6n-meer en vlak naast de gemeenten Varnhem en Axvall.<\/p>\n<p><a href=\"https:\/\/www.google.com\/maps\/place\/Valle+Camping+i+Axvall,+Skara\/@58.3979633,13.6057952,17z\/data=!4m11!3m10!1s0x465b1dec25a8d64d:0x482df524e3dd0b6b!5m4!1s2024-07-29!2i2!4m1!1i2!8m2!3d58.3979633!4d13.6057952!16s%2Fg%2F12vrp_sjw?entry=ttu\">Google-kaarten<\/a> &#8211; <a href=\"https:\/\/maps.apple.com\/place?auid=4024017979419437164&amp;ll=58.395786,13.609346&amp;lsp=9902&amp;q=Valle%20Campingstugor&amp;_ext=ChoKBQgEENIBCgQIBRADCgUIBhCIAQoECAoQABIkKZjs6TQcMU1AMbci1oeaEStAOSfQcX8\/O01AQVtxu+GIdytA&amp;t=m\">Apple-kaarten<\/a><\/p>\n<p>GPS: 58.3953, 13.6088<\/p>\n<p>Plus code: 9JW5+8Q Shard<\/p>\n<p>[\/et_pb_text][\/et_pb_column][et_pb_column type=&#8221;3_5&#8243; _builder_version=&#8221;4.26.1&#8243; _module_preset=&#8221;default&#8221; global_colors_info=&#8221;{}&#8221; theme_builder_area=&#8221;post_content&#8221;][et_pb_image src=&#8221;https:\/\/www.vallecamping.se\/wp-content\/uploads\/2021\/04\/valle_camping_karta_skaraborg.jpg&#8221; title_text=&#8221;valle_camping_kaart_skaraborg&#8221; _builder_version=&#8221;4.26.1&#8243; _module_preset=&#8221;default&#8221; global_colors_info=&#8221;{}&#8221; theme_builder_area=&#8221;post_content&#8221;][\/et_pb_image][\/et_pb_column][\/et_pb_row][\/et_pb_section]<\/p>\n","protected":false},"excerpt":{"rendered":"<p>V\u00e4lkommen till Valle camping! Har du n\u00e5gra funderingar \u00e4r du alltid v\u00e4lkommen att h\u00f6ra av dig via e-post (info@vallecamping.se) eller telefon (0511-621 09) Hj\u00e4rtligt v\u00e4lkomna! Linus &amp; \u00c5se med personalInchecken en uitchecken De volgende tijden gelden voor in- en uitchecken. De inchecktijden geven aan vanaf wanneer u kunt inchecken, en de uitchecktijden geven aan wanneer [&hellip;]<\/p>\n","protected":false},"author":2,"featured_media":13941,"comment_status":"closed","ping_status":"open","sticky":false,"template":"","format":"standard","meta":{"_et_pb_use_builder":"on","_et_pb_old_content":"","_et_gb_content_width":"","footnotes":""},"categories":[202],"tags":[],"class_list":["post-14836","post","type-post","status-publish","format-standard","has-post-thumbnail","hentry","category-geen-onderdeel-van-een-categorie"],"yoast_head":"<!-- This site is optimized with the Yoast SEO plugin v27.5 - https:\/\/yoast.com\/product\/yoast-seo-wordpress\/ -->\n<title>Welkom - Valle Camping AB<\/title>\n<meta name=\"robots\" content=\"noindex, nofollow\" \/>\n<meta property=\"og:locale\" content=\"nl_NL\" \/>\n<meta property=\"og:type\" content=\"article\" \/>\n<meta property=\"og:title\" content=\"Welkom - Valle Camping AB\" \/>\n<meta property=\"og:description\" content=\"V\u00e4lkommen till Valle camping! Har du n\u00e5gra funderingar \u00e4r du alltid v\u00e4lkommen att h\u00f6ra av dig via e-post (info@vallecamping.se) eller telefon (0511-621 09) Hj\u00e4rtligt v\u00e4lkomna! Linus &amp; \u00c5se med personalInchecken en uitchecken De volgende tijden gelden voor in- en uitchecken. De inchecktijden geven aan vanaf wanneer u kunt inchecken, en de uitchecktijden geven aan wanneer [&hellip;]\" \/>\n<meta property=\"og:url\" content=\"https:\/\/www.vallecamping.se\/nl\/welkom-17\/\" \/>\n<meta property=\"og:site_name\" content=\"Valle Camping AB\" \/>\n<meta property=\"article:publisher\" content=\"https:\/\/www.facebook.com\/vallecamping\" \/>\n<meta property=\"article:published_time\" content=\"2025-05-08T20:05:55+00:00\" \/>\n<meta property=\"article:modified_time\" content=\"2025-05-08T20:05:56+00:00\" \/>\n<meta property=\"og:image\" content=\"https:\/\/www.vallecamping.se\/wp-content\/uploads\/2024\/05\/Valkommenl-600x300-1.jpg\" \/>\n\t<meta property=\"og:image:width\" content=\"1701\" \/>\n\t<meta property=\"og:image:height\" content=\"850\" \/>\n\t<meta property=\"og:image:type\" content=\"image\/jpeg\" \/>\n<meta name=\"author\" content=\"Fredrik Larsson\" \/>\n<meta name=\"twitter:card\" content=\"summary_large_image\" \/>\n<meta name=\"twitter:label1\" content=\"Geschreven door\" \/>\n\t<meta name=\"twitter:data1\" content=\"Fredrik Larsson\" \/>\n\t<meta name=\"twitter:label2\" content=\"Geschatte leestijd\" \/>\n\t<meta name=\"twitter:data2\" content=\"8 minuten\" \/>\n<script type=\"application\/ld+json\" class=\"yoast-schema-graph\">{\"@context\":\"https:\\\/\\\/schema.org\",\"@graph\":[{\"@type\":\"Article\",\"@id\":\"https:\\\/\\\/www.vallecamping.se\\\/nl\\\/welkom-17\\\/#article\",\"isPartOf\":{\"@id\":\"https:\\\/\\\/www.vallecamping.se\\\/nl\\\/welkom-17\\\/\"},\"author\":{\"name\":\"Fredrik Larsson\",\"@id\":\"https:\\\/\\\/www.vallecamping.se\\\/nl\\\/#\\\/schema\\\/person\\\/53b61d8a873ce1132f85395fb8a22aa0\"},\"headline\":\"Welkom\",\"datePublished\":\"2025-05-08T20:05:55+00:00\",\"dateModified\":\"2025-05-08T20:05:56+00:00\",\"mainEntityOfPage\":{\"@id\":\"https:\\\/\\\/www.vallecamping.se\\\/nl\\\/welkom-17\\\/\"},\"wordCount\":1580,\"publisher\":{\"@id\":\"https:\\\/\\\/www.vallecamping.se\\\/nl\\\/#organization\"},\"image\":{\"@id\":\"https:\\\/\\\/www.vallecamping.se\\\/nl\\\/welkom-17\\\/#primaryimage\"},\"thumbnailUrl\":\"https:\\\/\\\/www.vallecamping.se\\\/wp-content\\\/uploads\\\/2024\\\/05\\\/Valkommenl-600x300-1.jpg\",\"articleSection\":[\"Handig om te Weten\"],\"inLanguage\":\"nl-NL\"},{\"@type\":\"WebPage\",\"@id\":\"https:\\\/\\\/www.vallecamping.se\\\/nl\\\/welkom-17\\\/\",\"url\":\"https:\\\/\\\/www.vallecamping.se\\\/nl\\\/welkom-17\\\/\",\"name\":\"Welkom - Valle Camping AB\",\"isPartOf\":{\"@id\":\"https:\\\/\\\/www.vallecamping.se\\\/nl\\\/#website\"},\"primaryImageOfPage\":{\"@id\":\"https:\\\/\\\/www.vallecamping.se\\\/nl\\\/welkom-17\\\/#primaryimage\"},\"image\":{\"@id\":\"https:\\\/\\\/www.vallecamping.se\\\/nl\\\/welkom-17\\\/#primaryimage\"},\"thumbnailUrl\":\"https:\\\/\\\/www.vallecamping.se\\\/wp-content\\\/uploads\\\/2024\\\/05\\\/Valkommenl-600x300-1.jpg\",\"datePublished\":\"2025-05-08T20:05:55+00:00\",\"dateModified\":\"2025-05-08T20:05:56+00:00\",\"breadcrumb\":{\"@id\":\"https:\\\/\\\/www.vallecamping.se\\\/nl\\\/welkom-17\\\/#breadcrumb\"},\"inLanguage\":\"nl-NL\",\"potentialAction\":[{\"@type\":\"ReadAction\",\"target\":[\"https:\\\/\\\/www.vallecamping.se\\\/nl\\\/welkom-17\\\/\"]}]},{\"@type\":\"ImageObject\",\"inLanguage\":\"nl-NL\",\"@id\":\"https:\\\/\\\/www.vallecamping.se\\\/nl\\\/welkom-17\\\/#primaryimage\",\"url\":\"https:\\\/\\\/www.vallecamping.se\\\/wp-content\\\/uploads\\\/2024\\\/05\\\/Valkommenl-600x300-1.jpg\",\"contentUrl\":\"https:\\\/\\\/www.vallecamping.se\\\/wp-content\\\/uploads\\\/2024\\\/05\\\/Valkommenl-600x300-1.jpg\",\"width\":1701,\"height\":850},{\"@type\":\"BreadcrumbList\",\"@id\":\"https:\\\/\\\/www.vallecamping.se\\\/nl\\\/welkom-17\\\/#breadcrumb\",\"itemListElement\":[{\"@type\":\"ListItem\",\"position\":1,\"name\":\"Hem\",\"item\":\"https:\\\/\\\/www.vallecamping.se\\\/nl\\\/\"},{\"@type\":\"ListItem\",\"position\":2,\"name\":\"Welkom\"}]},{\"@type\":\"WebSite\",\"@id\":\"https:\\\/\\\/www.vallecamping.se\\\/nl\\\/#website\",\"url\":\"https:\\\/\\\/www.vallecamping.se\\\/nl\\\/\",\"name\":\"Valle Camping AB\",\"description\":\"Valle Camping - Stugor, camping, st\u00e4llplatser och vandrarhem vid sj\u00f6 i vackra Valle n\u00e4ra Skara sommarland, Hornborgasj\u00f6n, Varnhems klosterkyrka, Kata g\u00e5rd med mera\",\"publisher\":{\"@id\":\"https:\\\/\\\/www.vallecamping.se\\\/nl\\\/#organization\"},\"alternateName\":\"Valle camping\",\"potentialAction\":[{\"@type\":\"SearchAction\",\"target\":{\"@type\":\"EntryPoint\",\"urlTemplate\":\"https:\\\/\\\/www.vallecamping.se\\\/nl\\\/?s={search_term_string}\"},\"query-input\":{\"@type\":\"PropertyValueSpecification\",\"valueRequired\":true,\"valueName\":\"search_term_string\"}}],\"inLanguage\":\"nl-NL\"},{\"@type\":\"Organization\",\"@id\":\"https:\\\/\\\/www.vallecamping.se\\\/nl\\\/#organization\",\"name\":\"Valle camping AB\",\"alternateName\":\"Valle camping\",\"url\":\"https:\\\/\\\/www.vallecamping.se\\\/nl\\\/\",\"logo\":{\"@type\":\"ImageObject\",\"inLanguage\":\"nl-NL\",\"@id\":\"https:\\\/\\\/www.vallecamping.se\\\/nl\\\/#\\\/schema\\\/logo\\\/image\\\/\",\"url\":\"https:\\\/\\\/www.vallecamping.se\\\/wp-content\\\/uploads\\\/2023\\\/03\\\/Valle-Camping-Icon2303-1.png\",\"contentUrl\":\"https:\\\/\\\/www.vallecamping.se\\\/wp-content\\\/uploads\\\/2023\\\/03\\\/Valle-Camping-Icon2303-1.png\",\"width\":500,\"height\":496,\"caption\":\"Valle camping AB\"},\"image\":{\"@id\":\"https:\\\/\\\/www.vallecamping.se\\\/nl\\\/#\\\/schema\\\/logo\\\/image\\\/\"},\"sameAs\":[\"https:\\\/\\\/www.facebook.com\\\/vallecamping\",\"https:\\\/\\\/www.instagram.com\\\/vallecampingstugor\\\/\",\"https:\\\/\\\/www.youtube.com\\\/channel\\\/UCoJUm2JGJm1kc46V1JnI47Q\"]},{\"@type\":\"Person\",\"@id\":\"https:\\\/\\\/www.vallecamping.se\\\/nl\\\/#\\\/schema\\\/person\\\/53b61d8a873ce1132f85395fb8a22aa0\",\"name\":\"Fredrik Larsson\"}]}<\/script>\n<!-- \/ Yoast SEO plugin. -->","yoast_head_json":{"title":"Welkom - Valle Camping AB","robots":{"index":"noindex","follow":"nofollow"},"og_locale":"nl_NL","og_type":"article","og_title":"Welkom - Valle Camping AB","og_description":"V\u00e4lkommen till Valle camping! Har du n\u00e5gra funderingar \u00e4r du alltid v\u00e4lkommen att h\u00f6ra av dig via e-post (info@vallecamping.se) eller telefon (0511-621 09) Hj\u00e4rtligt v\u00e4lkomna! Linus &amp; \u00c5se med personalInchecken en uitchecken De volgende tijden gelden voor in- en uitchecken. De inchecktijden geven aan vanaf wanneer u kunt inchecken, en de uitchecktijden geven aan wanneer [&hellip;]","og_url":"https:\/\/www.vallecamping.se\/nl\/welkom-17\/","og_site_name":"Valle Camping AB","article_publisher":"https:\/\/www.facebook.com\/vallecamping","article_published_time":"2025-05-08T20:05:55+00:00","article_modified_time":"2025-05-08T20:05:56+00:00","og_image":[{"width":1701,"height":850,"url":"https:\/\/www.vallecamping.se\/wp-content\/uploads\/2024\/05\/Valkommenl-600x300-1.jpg","type":"image\/jpeg"}],"author":"Fredrik Larsson","twitter_card":"summary_large_image","twitter_misc":{"Geschreven door":"Fredrik Larsson","Geschatte leestijd":"8 minuten"},"schema":{"@context":"https:\/\/schema.org","@graph":[{"@type":"Article","@id":"https:\/\/www.vallecamping.se\/nl\/welkom-17\/#article","isPartOf":{"@id":"https:\/\/www.vallecamping.se\/nl\/welkom-17\/"},"author":{"name":"Fredrik Larsson","@id":"https:\/\/www.vallecamping.se\/nl\/#\/schema\/person\/53b61d8a873ce1132f85395fb8a22aa0"},"headline":"Welkom","datePublished":"2025-05-08T20:05:55+00:00","dateModified":"2025-05-08T20:05:56+00:00","mainEntityOfPage":{"@id":"https:\/\/www.vallecamping.se\/nl\/welkom-17\/"},"wordCount":1580,"publisher":{"@id":"https:\/\/www.vallecamping.se\/nl\/#organization"},"image":{"@id":"https:\/\/www.vallecamping.se\/nl\/welkom-17\/#primaryimage"},"thumbnailUrl":"https:\/\/www.vallecamping.se\/wp-content\/uploads\/2024\/05\/Valkommenl-600x300-1.jpg","articleSection":["Handig om te Weten"],"inLanguage":"nl-NL"},{"@type":"WebPage","@id":"https:\/\/www.vallecamping.se\/nl\/welkom-17\/","url":"https:\/\/www.vallecamping.se\/nl\/welkom-17\/","name":"Welkom - Valle Camping AB","isPartOf":{"@id":"https:\/\/www.vallecamping.se\/nl\/#website"},"primaryImageOfPage":{"@id":"https:\/\/www.vallecamping.se\/nl\/welkom-17\/#primaryimage"},"image":{"@id":"https:\/\/www.vallecamping.se\/nl\/welkom-17\/#primaryimage"},"thumbnailUrl":"https:\/\/www.vallecamping.se\/wp-content\/uploads\/2024\/05\/Valkommenl-600x300-1.jpg","datePublished":"2025-05-08T20:05:55+00:00","dateModified":"2025-05-08T20:05:56+00:00","breadcrumb":{"@id":"https:\/\/www.vallecamping.se\/nl\/welkom-17\/#breadcrumb"},"inLanguage":"nl-NL","potentialAction":[{"@type":"ReadAction","target":["https:\/\/www.vallecamping.se\/nl\/welkom-17\/"]}]},{"@type":"ImageObject","inLanguage":"nl-NL","@id":"https:\/\/www.vallecamping.se\/nl\/welkom-17\/#primaryimage","url":"https:\/\/www.vallecamping.se\/wp-content\/uploads\/2024\/05\/Valkommenl-600x300-1.jpg","contentUrl":"https:\/\/www.vallecamping.se\/wp-content\/uploads\/2024\/05\/Valkommenl-600x300-1.jpg","width":1701,"height":850},{"@type":"BreadcrumbList","@id":"https:\/\/www.vallecamping.se\/nl\/welkom-17\/#breadcrumb","itemListElement":[{"@type":"ListItem","position":1,"name":"Hem","item":"https:\/\/www.vallecamping.se\/nl\/"},{"@type":"ListItem","position":2,"name":"Welkom"}]},{"@type":"WebSite","@id":"https:\/\/www.vallecamping.se\/nl\/#website","url":"https:\/\/www.vallecamping.se\/nl\/","name":"Valle Camping AB","description":"Valle Camping - Stugor, camping, st\u00e4llplatser och vandrarhem vid sj\u00f6 i vackra Valle n\u00e4ra Skara sommarland, Hornborgasj\u00f6n, Varnhems klosterkyrka, Kata g\u00e5rd med mera","publisher":{"@id":"https:\/\/www.vallecamping.se\/nl\/#organization"},"alternateName":"Valle camping","potentialAction":[{"@type":"SearchAction","target":{"@type":"EntryPoint","urlTemplate":"https:\/\/www.vallecamping.se\/nl\/?s={search_term_string}"},"query-input":{"@type":"PropertyValueSpecification","valueRequired":true,"valueName":"search_term_string"}}],"inLanguage":"nl-NL"},{"@type":"Organization","@id":"https:\/\/www.vallecamping.se\/nl\/#organization","name":"Valle camping AB","alternateName":"Valle camping","url":"https:\/\/www.vallecamping.se\/nl\/","logo":{"@type":"ImageObject","inLanguage":"nl-NL","@id":"https:\/\/www.vallecamping.se\/nl\/#\/schema\/logo\/image\/","url":"https:\/\/www.vallecamping.se\/wp-content\/uploads\/2023\/03\/Valle-Camping-Icon2303-1.png","contentUrl":"https:\/\/www.vallecamping.se\/wp-content\/uploads\/2023\/03\/Valle-Camping-Icon2303-1.png","width":500,"height":496,"caption":"Valle camping AB"},"image":{"@id":"https:\/\/www.vallecamping.se\/nl\/#\/schema\/logo\/image\/"},"sameAs":["https:\/\/www.facebook.com\/vallecamping","https:\/\/www.instagram.com\/vallecampingstugor\/","https:\/\/www.youtube.com\/channel\/UCoJUm2JGJm1kc46V1JnI47Q"]},{"@type":"Person","@id":"https:\/\/www.vallecamping.se\/nl\/#\/schema\/person\/53b61d8a873ce1132f85395fb8a22aa0","name":"Fredrik Larsson"}]}},"_links":{"self":[{"href":"https:\/\/www.vallecamping.se\/nl\/wp-json\/wp\/v2\/posts\/14836","targetHints":{"allow":["GET"]}}],"collection":[{"href":"https:\/\/www.vallecamping.se\/nl\/wp-json\/wp\/v2\/posts"}],"about":[{"href":"https:\/\/www.vallecamping.se\/nl\/wp-json\/wp\/v2\/types\/post"}],"author":[{"embeddable":true,"href":"https:\/\/www.vallecamping.se\/nl\/wp-json\/wp\/v2\/users\/2"}],"replies":[{"embeddable":true,"href":"https:\/\/www.vallecamping.se\/nl\/wp-json\/wp\/v2\/comments?post=14836"}],"version-history":[{"count":2,"href":"https:\/\/www.vallecamping.se\/nl\/wp-json\/wp\/v2\/posts\/14836\/revisions"}],"predecessor-version":[{"id":14842,"href":"https:\/\/www.vallecamping.se\/nl\/wp-json\/wp\/v2\/posts\/14836\/revisions\/14842"}],"wp:featuredmedia":[{"embeddable":true,"href":"https:\/\/www.vallecamping.se\/nl\/wp-json\/wp\/v2\/media\/13941"}],"wp:attachment":[{"href":"https:\/\/www.vallecamping.se\/nl\/wp-json\/wp\/v2\/media?parent=14836"}],"wp:term":[{"taxonomy":"category","embeddable":true,"href":"https:\/\/www.vallecamping.se\/nl\/wp-json\/wp\/v2\/categories?post=14836"},{"taxonomy":"post_tag","embeddable":true,"href":"https:\/\/www.vallecamping.se\/nl\/wp-json\/wp\/v2\/tags?post=14836"}],"curies":[{"name":"wp","href":"https:\/\/api.w.org\/{rel}","templated":true}]}}