{"id":10066,"date":"2024-04-20T18:25:37","date_gmt":"2024-04-20T18:25:37","guid":{"rendered":"https:\/\/www.vallecamping.se\/electric-car-charging\/"},"modified":"2025-01-27T18:10:46","modified_gmt":"2025-01-27T18:10:46","slug":"electric-car-charging","status":"publish","type":"post","link":"https:\/\/www.vallecamping.se\/en\/electric-car-charging\/","title":{"rendered":"Book a charging spot for an electric car"},"content":{"rendered":"<p>[et_pb_section fb_built=&#8221;1&#8243; _builder_version=&#8221;4.16&#8243; _module_preset=&#8221;default&#8221; background_color=&#8221;rgba(0,0,0,0)&#8221; custom_margin=&#8221;-34px|||||&#8221; custom_padding=&#8221;16px||33px|||&#8221; da_disable_devices=&#8221;off|off|off&#8221; global_colors_info=&#8221;{}&#8221; theme_builder_area=&#8221;post_content&#8221; da_is_popup=&#8221;off&#8221; da_exit_intent=&#8221;off&#8221; da_has_close=&#8221;on&#8221; da_alt_close=&#8221;off&#8221; da_dark_close=&#8221;off&#8221; da_not_modal=&#8221;on&#8221; da_is_singular=&#8221;off&#8221; da_with_loader=&#8221;off&#8221; da_has_shadow=&#8221;on&#8221;][et_pb_row column_structure=&#8221;3_4,1_4&#8243; use_custom_gutter=&#8221;on&#8221; gutter_width=&#8221;2&#8243; _builder_version=&#8221;4.16&#8243; _module_preset=&#8221;default&#8221; width=&#8221;100%&#8221; max_width=&#8221;1280px&#8221; custom_margin=&#8221;16px|auto||auto|false|false&#8221; custom_padding=&#8221;8px||0px|||&#8221; global_colors_info=&#8221;{}&#8221; theme_builder_area=&#8221;post_content&#8221;][et_pb_column type=&#8221;3_4&#8243; _builder_version=&#8221;4.16&#8243; _module_preset=&#8221;default&#8221; global_colors_info=&#8221;{}&#8221; theme_builder_area=&#8221;post_content&#8221;][et_pb_text content_last_edited=&#8221;off|desktop&#8221; _builder_version=&#8221;4.25.2&#8243; _module_preset=&#8221;default&#8221; header_2_font=&#8221;|600||on|||||&#8221; header_2_text_color=&#8221;#004890&#8243; header_2_font_size=&#8221;19px&#8221; header_3_font=&#8221;|700|||||||&#8221; header_3_text_color=&#8221;#004890&#8243; header_3_font_size=&#8221;15px&#8221; background_color=&#8221;rgba(255,255,255,0.94)&#8221; custom_margin=&#8221;||10px|||&#8221; custom_padding=&#8221;20px|10px|20px|10px|true|false&#8221; border_radii=&#8221;on|9px|9px|9px|9px&#8221; global_colors_info=&#8221;{}&#8221; theme_builder_area=&#8221;post_content&#8221;]<\/p>\n<p>We believe it should be easy to travel with an electric car, and it would be nice to know that a charger is ready when you arrive at your destination after a long trip with only a few percent left in the battery.<br \/>\nAt our place, you can book a charging spot for an electric car during your stay at Valle Camping.<br \/>\nThis way, you know that your car will be able to be fully charged and ready for tomorrow, possibly saving you an extra stop along the way.  <\/p>\n<h2>YOUR OWN CHARGING SPOT<\/h2>\n<p>Now you have the opportunity to book a charging spot for your electric car at Valle Camping.<\/p>\n<p>For a fixed cost per night and vehicle, you have access to a charger during your stay at Valle Camping AB. We have 4 charging spots for electric cars (type-2 connection), where each outlet provides 22 kW. Valle Camping is a small campground, and the electric car spots are located near all our accommodations. The fee for the electric car spot includes the electricity consumed for your vehicle from check-in to check-out. You need to bring your own type-2 charging cable.    <\/p>\n<h2>BOOK LIKE THIS<\/h2>\n<p>Book your electric car spot when you book your accommodation or contact us at <a href=\"mailto:info@vallecamping.se\">info@vallecamping.se<\/a> or +4651162109, and we will add the electric car spot to your booking. Subject to availability, you can also add this upon arrival.<\/p>\n<h2><span>PRICE PER NIGHT AND VEHICLE<\/span><\/h2>\n<p><span>The price applies per night and vehicle (license plate number). <\/span><\/p>\n<p><span>If you are staying multiple nights, you need to add the same number of charging spots as the number of nights to have access to your charging spot throughout your stay. <\/span><\/p>\n<p>Currently, we do not have the possibility to offer charging in any other way. If you have any questions about our charging spots, you are always welcome to contact us. <\/p>\n<p>[\/et_pb_text][\/et_pb_column][et_pb_column _builder_version=&#8221;4.27.0&#8243; _module_preset=&#8221;default&#8221; type=&#8221;1_4&#8243; theme_builder_area=&#8221;post_content&#8221;][et_pb_image src=&#8221;https:\/\/www.vallecamping.se\/wp-content\/uploads\/2024\/04\/Elbilsladdare.jpg&#8221; alt=&#8221;Electric car spot&#8221; title_text=&#8221;Electric car charger&#8221; align=&#8221;right&#8221; _builder_version=&#8221;4.25.0&#8243; _module_preset=&#8221;default&#8221; max_height=&#8221;438px&#8221; border_radii=&#8221;on|10px|10px|10px|10px&#8221; global_colors_info=&#8221;{}&#8221; theme_builder_area=&#8221;post_content&#8221;][\/et_pb_image][\/et_pb_column][\/et_pb_row][et_pb_row column_structure=&#8221;2_3,1_3&#8243; use_custom_gutter=&#8221;on&#8221; gutter_width=&#8221;2&#8243; _builder_version=&#8221;4.16&#8243; _module_preset=&#8221;default&#8221; width=&#8221;100%&#8221; max_width=&#8221;1280px&#8221; custom_margin=&#8221;16px|auto||auto|false|false&#8221; custom_padding=&#8221;8px||14px|||&#8221; global_colors_info=&#8221;{}&#8221; theme_builder_area=&#8221;post_content&#8221;][et_pb_column type=&#8221;2_3&#8243; _builder_version=&#8221;4.16&#8243; _module_preset=&#8221;default&#8221; global_colors_info=&#8221;{}&#8221; theme_builder_area=&#8221;post_content&#8221;][et_pb_text content_last_edited=&#8221;off|desktop&#8221; _builder_version=&#8221;4.24.3&#8243; _module_preset=&#8221;default&#8221; header_2_font=&#8221;|600||on|||||&#8221; header_2_text_color=&#8221;#004890&#8243; header_2_font_size=&#8221;19px&#8221; header_3_font=&#8221;|700|||||||&#8221; header_3_text_color=&#8221;#004890&#8243; header_3_font_size=&#8221;15px&#8221; background_color=&#8221;rgba(255,255,255,0.94)&#8221; custom_margin=&#8221;||10px|||&#8221; custom_padding=&#8221;20px|10px|20px|10px|true|false&#8221; border_radii=&#8221;off|9px|9px||&#8221; global_colors_info=&#8221;{}&#8221; theme_builder_area=&#8221;post_content&#8221;]<\/p>\n<h1><span style=\"font-size: 16px;\"><\/span><\/h1>\n<h2>It is forbidden to connect electric vehicles to regular outlets.<\/h2>\n<h1><img decoding=\"async\" data-src=\"https:\/\/www.vallecamping.se\/wp-content\/uploads\/2024\/04\/Elbil_i_vanligt-uttag-300x268.png\" width=\"70\" height=\"62\" alt=\"\" class=\"wp-image-13044 alignleft size-medium lazyload\" src=\"data:image\/svg+xml;base64,PHN2ZyB3aWR0aD0iMSIgaGVpZ2h0PSIxIiB4bWxucz0iaHR0cDovL3d3dy53My5vcmcvMjAwMC9zdmciPjwvc3ZnPg==\" style=\"--smush-placeholder-width: 70px; --smush-placeholder-aspect-ratio: 70\/62;\"><\/h1>\n<p>It is <strong>strictly forbidden<\/strong> to connect electric vehicles (electric and hybrid vehicles, scooters, etc.) to the standard electrical outlets available on the premises. This applies to all outlets throughout the entire camping area. This applies to all outlets throughout the campsite.<\/p>\n<p>Vehicles that are connected to regular outlets will be charged a fee for unauthorized parking or an additional fee according to the booking terms.<\/p>\n<h2>Chargers in the vicinity<\/h2>\n<p>At the shop in Axvall, a few kilometres from Valle Camping, the local electricity company Valle energi has installed a 50 kW charger (CCS\/CHAdeMO). In fact, it&#8217;s currently the charger with the best speed over several miles. (In Sk\u00f6vde, there is a 175 kW CCS charger.)  <\/p>\n<p><a href=\"https:\/\/chargefinder.com\/se\/ladda-elbil-axvall-ica-nara-axvall\/8nw62w?https:\/\/www.google.com\/maps\/place\/ICA%20N%C3%A4ra%20Axvall,Bangatan%205%2C%20Axvall%2C%20Sweden\/@58.38739,13.57212,16z\" target=\"_blank\" rel=\"noopener\">LINK TO THE CHARGER AT THE SHOP IN AXVALL (CHARGEFINDER)<\/a><\/p>\n<h2>Other chargers nearby<\/h2>\n<p>If you have the opportunity to spend a little more time in Axvall or perhaps want to combine with a longer walk, there are a couple more 22kW chargers in Axvall<\/p>\n<p><a href=\"https:\/\/chargefinder.com\/se\/ladda-elbil-axvall-husaren-axvall\/287nej?https:\/\/www.google.com\/maps\/place\/Husaren%20Axvall,Skarav%C3%A4gen%2C%20Axvall%2C%20Sweden\/@58.388622,13.575546,16z\" target=\"_blank\" rel=\"noopener\">LINK TO THE CHARGER AT HUSAREN<\/a><br \/><a href=\"https:\/\/chargefinder.com\/se\/ladda-elbil-axvall-valleskolan-axvall\/wr6w3q?https:\/\/www.google.com\/maps\/place\/Valleskolan%2C%20Axvall,Hedv%C3%A4gen%203%2C%20Axvall%2C%20Sweden\/@58.389721,13.574745,16z\" target=\"_blank\" rel=\"noopener\">LINK TO THE CHARGER AT VALLESKOLAN<\/a><\/p>\n<p>[\/et_pb_text][\/et_pb_column][et_pb_column type=&#8221;1_3&#8243; _builder_version=&#8221;4.16&#8243; _module_preset=&#8221;default&#8221; global_colors_info=&#8221;{}&#8221; theme_builder_area=&#8221;post_content&#8221;][et_pb_image src=&#8221;https:\/\/www.vallecamping.se\/wp-content\/uploads\/2022\/06\/Laddare_axvall.jpg&#8221; alt=&#8221;Loader_ica-Axvall&#8221; title_text=&#8221;Loader_axle&#8221; align=&#8221;right&#8221; _builder_version=&#8221;4.24.3&#8243; _module_preset=&#8221;default&#8221; max_height=&#8221;438px&#8221; border_radii=&#8221;on|10px|10px|10px|10px&#8221; global_colors_info=&#8221;{}&#8221; theme_builder_area=&#8221;post_content&#8221;][\/et_pb_image][\/et_pb_column][\/et_pb_row][\/et_pb_section]<\/p>\n","protected":false},"excerpt":{"rendered":"<p>We believe it should be easy to travel with an electric car, and it would be nice to know that a charger is ready when you arrive at your destination after a long trip with only a few percent left in the battery. At our place, you can book a charging spot for an electric [&hellip;]<\/p>\n","protected":false},"author":1,"featured_media":9934,"comment_status":"closed","ping_status":"open","sticky":false,"template":"","format":"standard","meta":{"_et_pb_use_builder":"on","_et_pb_old_content":"","_et_gb_content_width":"","footnotes":""},"categories":[105,106],"tags":[],"class_list":["post-10066","post","type-post","status-publish","format-standard","has-post-thumbnail","hentry","category-good-to-know","category-practical-information"],"yoast_head":"<!-- This site is optimized with the Yoast SEO plugin v27.5 - https:\/\/yoast.com\/product\/yoast-seo-wordpress\/ -->\n<title>Book a charging spot for an electric car - Valle Camping AB<\/title>\n<meta name=\"description\" content=\"The number of electric cars and plug-in hybrids is increasing rapidly, which is fantastic. Here you will find information on the rules for charging electric cars\" \/>\n<meta name=\"robots\" content=\"index, follow, max-snippet:-1, max-image-preview:large, max-video-preview:-1\" \/>\n<link rel=\"canonical\" href=\"https:\/\/www.vallecamping.se\/en\/electric-car-charging\/\" \/>\n<meta property=\"og:locale\" content=\"en_US\" \/>\n<meta property=\"og:type\" content=\"article\" \/>\n<meta property=\"og:title\" content=\"Book a charging spot for an electric car - Valle Camping AB\" \/>\n<meta property=\"og:description\" content=\"The number of electric cars and plug-in hybrids is increasing rapidly, which is fantastic. Here you will find information on the rules for charging electric cars\" \/>\n<meta property=\"og:url\" content=\"https:\/\/www.vallecamping.se\/en\/electric-car-charging\/\" \/>\n<meta property=\"og:site_name\" content=\"Valle Camping AB\" \/>\n<meta property=\"article:publisher\" content=\"https:\/\/www.facebook.com\/vallecamping\" \/>\n<meta property=\"article:published_time\" content=\"2024-04-20T18:25:37+00:00\" \/>\n<meta property=\"article:modified_time\" content=\"2025-01-27T18:10:46+00:00\" \/>\n<meta property=\"og:image\" content=\"https:\/\/www.vallecamping.se\/wp-content\/uploads\/2022\/06\/Elbilsladdning_axvall_50-jpg.webp\" \/>\n\t<meta property=\"og:image:width\" content=\"1920\" \/>\n\t<meta property=\"og:image:height\" content=\"1080\" \/>\n\t<meta property=\"og:image:type\" content=\"image\/jpeg\" \/>\n<meta name=\"author\" content=\"Fredrik\" \/>\n<meta name=\"twitter:card\" content=\"summary_large_image\" \/>\n<meta name=\"twitter:label1\" content=\"Written by\" \/>\n\t<meta name=\"twitter:data1\" content=\"Fredrik\" \/>\n\t<meta name=\"twitter:label2\" content=\"Est. reading time\" \/>\n\t<meta name=\"twitter:data2\" content=\"5 minutes\" \/>\n<script type=\"application\/ld+json\" class=\"yoast-schema-graph\">{\"@context\":\"https:\\\/\\\/schema.org\",\"@graph\":[{\"@type\":\"Article\",\"@id\":\"https:\\\/\\\/www.vallecamping.se\\\/en\\\/electric-car-charging\\\/#article\",\"isPartOf\":{\"@id\":\"https:\\\/\\\/www.vallecamping.se\\\/en\\\/electric-car-charging\\\/\"},\"author\":{\"name\":\"Fredrik\",\"@id\":\"https:\\\/\\\/www.vallecamping.se\\\/en\\\/#\\\/schema\\\/person\\\/451d1fc4dc0ce2f707270822b00e47a4\"},\"headline\":\"Book a charging spot for an electric car\",\"datePublished\":\"2024-04-20T18:25:37+00:00\",\"dateModified\":\"2025-01-27T18:10:46+00:00\",\"mainEntityOfPage\":{\"@id\":\"https:\\\/\\\/www.vallecamping.se\\\/en\\\/electric-car-charging\\\/\"},\"wordCount\":955,\"publisher\":{\"@id\":\"https:\\\/\\\/www.vallecamping.se\\\/en\\\/#organization\"},\"image\":{\"@id\":\"https:\\\/\\\/www.vallecamping.se\\\/en\\\/electric-car-charging\\\/#primaryimage\"},\"thumbnailUrl\":\"https:\\\/\\\/www.vallecamping.se\\\/wp-content\\\/uploads\\\/2022\\\/06\\\/Elbilsladdning_axvall_50-jpg.webp\",\"articleSection\":[\"Good to know\",\"Practical information\"],\"inLanguage\":\"en-US\"},{\"@type\":\"WebPage\",\"@id\":\"https:\\\/\\\/www.vallecamping.se\\\/en\\\/electric-car-charging\\\/\",\"url\":\"https:\\\/\\\/www.vallecamping.se\\\/en\\\/electric-car-charging\\\/\",\"name\":\"Book a charging spot for an electric car - Valle Camping AB\",\"isPartOf\":{\"@id\":\"https:\\\/\\\/www.vallecamping.se\\\/en\\\/#website\"},\"primaryImageOfPage\":{\"@id\":\"https:\\\/\\\/www.vallecamping.se\\\/en\\\/electric-car-charging\\\/#primaryimage\"},\"image\":{\"@id\":\"https:\\\/\\\/www.vallecamping.se\\\/en\\\/electric-car-charging\\\/#primaryimage\"},\"thumbnailUrl\":\"https:\\\/\\\/www.vallecamping.se\\\/wp-content\\\/uploads\\\/2022\\\/06\\\/Elbilsladdning_axvall_50-jpg.webp\",\"datePublished\":\"2024-04-20T18:25:37+00:00\",\"dateModified\":\"2025-01-27T18:10:46+00:00\",\"description\":\"The number of electric cars and plug-in hybrids is increasing rapidly, which is fantastic. Here you will find information on the rules for charging electric cars\",\"breadcrumb\":{\"@id\":\"https:\\\/\\\/www.vallecamping.se\\\/en\\\/electric-car-charging\\\/#breadcrumb\"},\"inLanguage\":\"en-US\",\"potentialAction\":[{\"@type\":\"ReadAction\",\"target\":[\"https:\\\/\\\/www.vallecamping.se\\\/en\\\/electric-car-charging\\\/\"]}]},{\"@type\":\"ImageObject\",\"inLanguage\":\"en-US\",\"@id\":\"https:\\\/\\\/www.vallecamping.se\\\/en\\\/electric-car-charging\\\/#primaryimage\",\"url\":\"https:\\\/\\\/www.vallecamping.se\\\/wp-content\\\/uploads\\\/2022\\\/06\\\/Elbilsladdning_axvall_50-jpg.webp\",\"contentUrl\":\"https:\\\/\\\/www.vallecamping.se\\\/wp-content\\\/uploads\\\/2022\\\/06\\\/Elbilsladdning_axvall_50-jpg.webp\",\"width\":1920,\"height\":1080,\"caption\":\"Din egen laddplats p\u00e5 campingen. Du bokar den genom att kontakta oss\"},{\"@type\":\"BreadcrumbList\",\"@id\":\"https:\\\/\\\/www.vallecamping.se\\\/en\\\/electric-car-charging\\\/#breadcrumb\",\"itemListElement\":[{\"@type\":\"ListItem\",\"position\":1,\"name\":\"Hem\",\"item\":\"https:\\\/\\\/www.vallecamping.se\\\/en\\\/\"},{\"@type\":\"ListItem\",\"position\":2,\"name\":\"Book a charging spot for an electric car\"}]},{\"@type\":\"WebSite\",\"@id\":\"https:\\\/\\\/www.vallecamping.se\\\/en\\\/#website\",\"url\":\"https:\\\/\\\/www.vallecamping.se\\\/en\\\/\",\"name\":\"Valle Camping AB\",\"description\":\"Valle Camping - Stugor, camping, st\u00e4llplatser och vandrarhem vid sj\u00f6 i vackra Valle n\u00e4ra Skara sommarland, Hornborgasj\u00f6n, Varnhems klosterkyrka, Kata g\u00e5rd med mera\",\"publisher\":{\"@id\":\"https:\\\/\\\/www.vallecamping.se\\\/en\\\/#organization\"},\"alternateName\":\"Valle camping\",\"potentialAction\":[{\"@type\":\"SearchAction\",\"target\":{\"@type\":\"EntryPoint\",\"urlTemplate\":\"https:\\\/\\\/www.vallecamping.se\\\/en\\\/?s={search_term_string}\"},\"query-input\":{\"@type\":\"PropertyValueSpecification\",\"valueRequired\":true,\"valueName\":\"search_term_string\"}}],\"inLanguage\":\"en-US\"},{\"@type\":\"Organization\",\"@id\":\"https:\\\/\\\/www.vallecamping.se\\\/en\\\/#organization\",\"name\":\"Valle camping AB\",\"alternateName\":\"Valle camping\",\"url\":\"https:\\\/\\\/www.vallecamping.se\\\/en\\\/\",\"logo\":{\"@type\":\"ImageObject\",\"inLanguage\":\"en-US\",\"@id\":\"https:\\\/\\\/www.vallecamping.se\\\/en\\\/#\\\/schema\\\/logo\\\/image\\\/\",\"url\":\"https:\\\/\\\/www.vallecamping.se\\\/wp-content\\\/uploads\\\/2023\\\/03\\\/Valle-Camping-Icon2303-1.png\",\"contentUrl\":\"https:\\\/\\\/www.vallecamping.se\\\/wp-content\\\/uploads\\\/2023\\\/03\\\/Valle-Camping-Icon2303-1.png\",\"width\":500,\"height\":496,\"caption\":\"Valle camping AB\"},\"image\":{\"@id\":\"https:\\\/\\\/www.vallecamping.se\\\/en\\\/#\\\/schema\\\/logo\\\/image\\\/\"},\"sameAs\":[\"https:\\\/\\\/www.facebook.com\\\/vallecamping\",\"https:\\\/\\\/www.instagram.com\\\/vallecampingstugor\\\/\",\"https:\\\/\\\/www.youtube.com\\\/channel\\\/UCoJUm2JGJm1kc46V1JnI47Q\"]},{\"@type\":\"Person\",\"@id\":\"https:\\\/\\\/www.vallecamping.se\\\/en\\\/#\\\/schema\\\/person\\\/451d1fc4dc0ce2f707270822b00e47a4\",\"name\":\"Fredrik\",\"sameAs\":[\"https:\\\/\\\/www.vallecamping.se\"]}]}<\/script>\n<!-- \/ Yoast SEO plugin. -->","yoast_head_json":{"title":"Book a charging spot for an electric car - Valle Camping AB","description":"The number of electric cars and plug-in hybrids is increasing rapidly, which is fantastic. Here you will find information on the rules for charging electric cars","robots":{"index":"index","follow":"follow","max-snippet":"max-snippet:-1","max-image-preview":"max-image-preview:large","max-video-preview":"max-video-preview:-1"},"canonical":"https:\/\/www.vallecamping.se\/en\/electric-car-charging\/","og_locale":"en_US","og_type":"article","og_title":"Book a charging spot for an electric car - Valle Camping AB","og_description":"The number of electric cars and plug-in hybrids is increasing rapidly, which is fantastic. Here you will find information on the rules for charging electric cars","og_url":"https:\/\/www.vallecamping.se\/en\/electric-car-charging\/","og_site_name":"Valle Camping AB","article_publisher":"https:\/\/www.facebook.com\/vallecamping","article_published_time":"2024-04-20T18:25:37+00:00","article_modified_time":"2025-01-27T18:10:46+00:00","og_image":[{"width":1920,"height":1080,"url":"https:\/\/www.vallecamping.se\/wp-content\/uploads\/2022\/06\/Elbilsladdning_axvall_50-jpg.webp","type":"image\/jpeg"}],"author":"Fredrik","twitter_card":"summary_large_image","twitter_misc":{"Written by":"Fredrik","Est. reading time":"5 minutes"},"schema":{"@context":"https:\/\/schema.org","@graph":[{"@type":"Article","@id":"https:\/\/www.vallecamping.se\/en\/electric-car-charging\/#article","isPartOf":{"@id":"https:\/\/www.vallecamping.se\/en\/electric-car-charging\/"},"author":{"name":"Fredrik","@id":"https:\/\/www.vallecamping.se\/en\/#\/schema\/person\/451d1fc4dc0ce2f707270822b00e47a4"},"headline":"Book a charging spot for an electric car","datePublished":"2024-04-20T18:25:37+00:00","dateModified":"2025-01-27T18:10:46+00:00","mainEntityOfPage":{"@id":"https:\/\/www.vallecamping.se\/en\/electric-car-charging\/"},"wordCount":955,"publisher":{"@id":"https:\/\/www.vallecamping.se\/en\/#organization"},"image":{"@id":"https:\/\/www.vallecamping.se\/en\/electric-car-charging\/#primaryimage"},"thumbnailUrl":"https:\/\/www.vallecamping.se\/wp-content\/uploads\/2022\/06\/Elbilsladdning_axvall_50-jpg.webp","articleSection":["Good to know","Practical information"],"inLanguage":"en-US"},{"@type":"WebPage","@id":"https:\/\/www.vallecamping.se\/en\/electric-car-charging\/","url":"https:\/\/www.vallecamping.se\/en\/electric-car-charging\/","name":"Book a charging spot for an electric car - Valle Camping AB","isPartOf":{"@id":"https:\/\/www.vallecamping.se\/en\/#website"},"primaryImageOfPage":{"@id":"https:\/\/www.vallecamping.se\/en\/electric-car-charging\/#primaryimage"},"image":{"@id":"https:\/\/www.vallecamping.se\/en\/electric-car-charging\/#primaryimage"},"thumbnailUrl":"https:\/\/www.vallecamping.se\/wp-content\/uploads\/2022\/06\/Elbilsladdning_axvall_50-jpg.webp","datePublished":"2024-04-20T18:25:37+00:00","dateModified":"2025-01-27T18:10:46+00:00","description":"The number of electric cars and plug-in hybrids is increasing rapidly, which is fantastic. Here you will find information on the rules for charging electric cars","breadcrumb":{"@id":"https:\/\/www.vallecamping.se\/en\/electric-car-charging\/#breadcrumb"},"inLanguage":"en-US","potentialAction":[{"@type":"ReadAction","target":["https:\/\/www.vallecamping.se\/en\/electric-car-charging\/"]}]},{"@type":"ImageObject","inLanguage":"en-US","@id":"https:\/\/www.vallecamping.se\/en\/electric-car-charging\/#primaryimage","url":"https:\/\/www.vallecamping.se\/wp-content\/uploads\/2022\/06\/Elbilsladdning_axvall_50-jpg.webp","contentUrl":"https:\/\/www.vallecamping.se\/wp-content\/uploads\/2022\/06\/Elbilsladdning_axvall_50-jpg.webp","width":1920,"height":1080,"caption":"Din egen laddplats p\u00e5 campingen. Du bokar den genom att kontakta oss"},{"@type":"BreadcrumbList","@id":"https:\/\/www.vallecamping.se\/en\/electric-car-charging\/#breadcrumb","itemListElement":[{"@type":"ListItem","position":1,"name":"Hem","item":"https:\/\/www.vallecamping.se\/en\/"},{"@type":"ListItem","position":2,"name":"Book a charging spot for an electric car"}]},{"@type":"WebSite","@id":"https:\/\/www.vallecamping.se\/en\/#website","url":"https:\/\/www.vallecamping.se\/en\/","name":"Valle Camping AB","description":"Valle Camping - Stugor, camping, st\u00e4llplatser och vandrarhem vid sj\u00f6 i vackra Valle n\u00e4ra Skara sommarland, Hornborgasj\u00f6n, Varnhems klosterkyrka, Kata g\u00e5rd med mera","publisher":{"@id":"https:\/\/www.vallecamping.se\/en\/#organization"},"alternateName":"Valle camping","potentialAction":[{"@type":"SearchAction","target":{"@type":"EntryPoint","urlTemplate":"https:\/\/www.vallecamping.se\/en\/?s={search_term_string}"},"query-input":{"@type":"PropertyValueSpecification","valueRequired":true,"valueName":"search_term_string"}}],"inLanguage":"en-US"},{"@type":"Organization","@id":"https:\/\/www.vallecamping.se\/en\/#organization","name":"Valle camping AB","alternateName":"Valle camping","url":"https:\/\/www.vallecamping.se\/en\/","logo":{"@type":"ImageObject","inLanguage":"en-US","@id":"https:\/\/www.vallecamping.se\/en\/#\/schema\/logo\/image\/","url":"https:\/\/www.vallecamping.se\/wp-content\/uploads\/2023\/03\/Valle-Camping-Icon2303-1.png","contentUrl":"https:\/\/www.vallecamping.se\/wp-content\/uploads\/2023\/03\/Valle-Camping-Icon2303-1.png","width":500,"height":496,"caption":"Valle camping AB"},"image":{"@id":"https:\/\/www.vallecamping.se\/en\/#\/schema\/logo\/image\/"},"sameAs":["https:\/\/www.facebook.com\/vallecamping","https:\/\/www.instagram.com\/vallecampingstugor\/","https:\/\/www.youtube.com\/channel\/UCoJUm2JGJm1kc46V1JnI47Q"]},{"@type":"Person","@id":"https:\/\/www.vallecamping.se\/en\/#\/schema\/person\/451d1fc4dc0ce2f707270822b00e47a4","name":"Fredrik","sameAs":["https:\/\/www.vallecamping.se"]}]}},"_links":{"self":[{"href":"https:\/\/www.vallecamping.se\/en\/wp-json\/wp\/v2\/posts\/10066","targetHints":{"allow":["GET"]}}],"collection":[{"href":"https:\/\/www.vallecamping.se\/en\/wp-json\/wp\/v2\/posts"}],"about":[{"href":"https:\/\/www.vallecamping.se\/en\/wp-json\/wp\/v2\/types\/post"}],"author":[{"embeddable":true,"href":"https:\/\/www.vallecamping.se\/en\/wp-json\/wp\/v2\/users\/1"}],"replies":[{"embeddable":true,"href":"https:\/\/www.vallecamping.se\/en\/wp-json\/wp\/v2\/comments?post=10066"}],"version-history":[{"count":29,"href":"https:\/\/www.vallecamping.se\/en\/wp-json\/wp\/v2\/posts\/10066\/revisions"}],"predecessor-version":[{"id":14011,"href":"https:\/\/www.vallecamping.se\/en\/wp-json\/wp\/v2\/posts\/10066\/revisions\/14011"}],"wp:featuredmedia":[{"embeddable":true,"href":"https:\/\/www.vallecamping.se\/en\/wp-json\/wp\/v2\/media\/9934"}],"wp:attachment":[{"href":"https:\/\/www.vallecamping.se\/en\/wp-json\/wp\/v2\/media?parent=10066"}],"wp:term":[{"taxonomy":"category","embeddable":true,"href":"https:\/\/www.vallecamping.se\/en\/wp-json\/wp\/v2\/categories?post=10066"},{"taxonomy":"post_tag","embeddable":true,"href":"https:\/\/www.vallecamping.se\/en\/wp-json\/wp\/v2\/tags?post=10066"}],"curies":[{"name":"wp","href":"https:\/\/api.w.org\/{rel}","templated":true}]}}