{"id":14846,"date":"2025-05-08T20:01:52","date_gmt":"2025-05-08T20:01:52","guid":{"rendered":"https:\/\/www.vallecamping.se\/?p=14846"},"modified":"2025-05-08T20:01:53","modified_gmt":"2025-05-08T20:01:53","slug":"willkommen-11","status":"publish","type":"post","link":"https:\/\/www.vallecamping.se\/de\/willkommen-11\/","title":{"rendered":"Willkommen"},"content":{"rendered":"<p>[et_pb_section fb_built=&#8220;1&#8243; _builder_version=&#8220;4.16&#8243; _module_preset=&#8220;default&#8220; background_color=&#8220;rgba(0,0,0,0)&#8220; custom_margin=&#8220;-34px|||||&#8220; custom_padding=&#8220;16px||33px|||&#8220; da_disable_devices=&#8220;off|off|off&#8220; global_colors_info=&#8220;{}&#8220; theme_builder_area=&#8220;post_content&#8220; da_is_popup=&#8220;off&#8220; da_exit_intent=&#8220;off&#8220; da_has_close=&#8220;on&#8220; da_alt_close=&#8220;off&#8220; da_dark_close=&#8220;off&#8220; da_not_modal=&#8220;on&#8220; da_is_singular=&#8220;off&#8220; da_with_loader=&#8220;off&#8220; da_has_shadow=&#8220;on&#8220;][et_pb_row column_structure=&#8220;3_5,2_5&#8243; use_custom_gutter=&#8220;on&#8220; gutter_width=&#8220;2&#8243; _builder_version=&#8220;4.16&#8243; _module_preset=&#8220;default&#8220; width=&#8220;100%&#8220; max_width=&#8220;1280px&#8220; custom_margin=&#8220;16px|auto||auto|false|false&#8220; custom_padding=&#8220;8px||0px|||&#8220; global_colors_info=&#8220;{}&#8220; theme_builder_area=&#8220;post_content&#8220;][et_pb_column type=&#8220;3_5&#8243; _builder_version=&#8220;4.16&#8243; _module_preset=&#8220;default&#8220; global_colors_info=&#8220;{}&#8220; theme_builder_area=&#8220;post_content&#8220;][et_pb_text content_last_edited=&#8220;off|desktop&#8220; _builder_version=&#8220;4.27.4&#8243; _module_preset=&#8220;default&#8220; text_text_color=&#8220;#000000&#8243; text_font_size=&#8220;18px&#8220; link_font=&#8220;|600|||on||||dotted&#8220; link_text_color=&#8220;#001f3f&#8220; header_text_color=&#8220;#ffffff&#8220; header_font_size=&#8220;34px&#8220; header_2_font=&#8220;|700||on|||||&#8220; header_2_text_color=&#8220;#002860&#8243; header_2_font_size=&#8220;30px&#8220; background_color=&#8220;#FFFFFF&#8220; custom_margin=&#8220;||-2px|||&#8220; custom_padding=&#8220;20px|20px|20px|20px|true|true&#8220; text_font_size_tablet=&#8220;18px&#8220; text_font_size_phone=&#8220;14px&#8220; text_font_size_last_edited=&#8220;on|phone&#8220; header_2_font_size_tablet=&#8220;20px&#8220; header_2_font_size_phone=&#8220;20px&#8220; header_2_font_size_last_edited=&#8220;on|tablet&#8220; header_text_shadow_style=&#8220;preset1&#8243; border_radii=&#8220;on|6px|6px|6px|6px&#8220; global_colors_info=&#8220;{}&#8220; theme_builder_area=&#8220;post_content&#8220;]<\/p>\n<h2>V\u00e4lkommen till Valle camping!<\/h2>\n<p>Har du n\u00e5gra funderingar \u00e4r du alltid v\u00e4lkommen att h\u00f6ra av dig via e-post (info@vallecamping.se) eller telefon (0511-621 09)<\/p>\n<p>Hj\u00e4rtligt v\u00e4lkomna!<\/p>\n<p>Linus &amp; \u00c5se med personal<\/p>\n<p>[\/et_pb_text][\/et_pb_column][et_pb_column type=&#8220;2_5&#8243; _builder_version=&#8220;4.16&#8243; _module_preset=&#8220;default&#8220; global_colors_info=&#8220;{}&#8220; theme_builder_area=&#8220;post_content&#8220;][et_pb_text content_last_edited=&#8220;off|desktop&#8220; _builder_version=&#8220;4.27.4&#8243; _module_preset=&#8220;default&#8220; text_text_color=&#8220;#000000&#8243; text_font_size=&#8220;18px&#8220; link_font=&#8220;|600|||on||||dotted&#8220; link_text_color=&#8220;#001f3f&#8220; header_text_color=&#8220;#ffffff&#8220; header_font_size=&#8220;34px&#8220; header_2_font=&#8220;|700||on|||||&#8220; header_2_text_color=&#8220;#002860&#8243; header_2_font_size=&#8220;30px&#8220; background_color=&#8220;#FFFFFF&#8220; custom_margin=&#8220;||-2px|||&#8220; custom_padding=&#8220;20px|20px|20px|20px|true|true&#8220; text_font_size_tablet=&#8220;18px&#8220; text_font_size_phone=&#8220;14px&#8220; text_font_size_last_edited=&#8220;on|phone&#8220; header_2_font_size_tablet=&#8220;20px&#8220; header_2_font_size_phone=&#8220;20px&#8220; header_2_font_size_last_edited=&#8220;on|tablet&#8220; header_text_shadow_style=&#8220;preset1&#8243; border_radii=&#8220;on|6px|6px|6px|6px&#8220; global_colors_info=&#8220;{}&#8220; theme_builder_area=&#8220;post_content&#8220;]<\/p>\n<h2><strong>Check-in und Check-out<\/strong><\/h2>\n<p>Die folgenden Zeiten gelten f\u00fcr Check-in und Check-out. Check-in-Zeiten geben die fr\u00fcheste Zeit an, zu der Sie einchecken k\u00f6nnen, und Check-out-Zeiten geben die sp\u00e4teste Zeit an, zu der Sie Ihre Unterkunft verlassen haben m\u00fcssen. Bei sp\u00e4ter Ankunft (nach 22:00 Uhr) bitten wir Sie, uns zu kontaktieren, um einen sp\u00e4ten Check-in zu arrangieren. <\/p>\n<p><strong>Camping<\/strong><br \/>Check-in 15:00 Check-out 12:00<br \/><strong>Campingh\u00fctte<\/strong><br \/>Check-in 16:00 Check-out 11:00<br \/><strong>Zimmer im Hostel<\/strong><br \/>Check-in 16:00 Check-out 11:00<\/p>\n<p>[\/et_pb_text][\/et_pb_column][\/et_pb_row][et_pb_row column_structure=&#8220;1_4,1_4,1_4,1_4&#8243; use_custom_gutter=&#8220;on&#8220; gutter_width=&#8220;2&#8243; _builder_version=&#8220;4.26.1&#8243; _module_preset=&#8220;default&#8220; width=&#8220;100%&#8220; max_width=&#8220;1280px&#8220; custom_margin=&#8220;16px|auto||auto|false|false&#8220; custom_padding=&#8220;8px||0px|||&#8220; global_colors_info=&#8220;{}&#8220; theme_builder_area=&#8220;post_content&#8220;][et_pb_column type=&#8220;1_4&#8243; _builder_version=&#8220;4.26.1&#8243; _module_preset=&#8220;default&#8220; global_colors_info=&#8220;{}&#8220; theme_builder_area=&#8220;post_content&#8220;][et_pb_cta title=&#8220;BETTW\u00c4SCHE&#8220; _builder_version=&#8220;4.26.1&#8243; _module_preset=&#8220;default&#8220; header_font=&#8220;|800||on|||||&#8220; header_font_size=&#8220;25px&#8220; body_font_size=&#8220;16px&#8220; background_enable_color=&#8220;off&#8220; use_background_color_gradient=&#8220;on&#8220; background_color_gradient_type=&#8220;circular&#8220; background_color_gradient_stops=&#8220;rgba(0,72,144,0.6) 0%|rgba(255,255,255,0) 98%&#8220; background_color_gradient_overlays_image=&#8220;on&#8220; background_image=&#8220;https:\/\/www.vallecamping.se\/wp-content\/uploads\/2024\/06\/Sangklader_270x270-jpg.webp&#8220; background_pattern_repeat=&#8220;space&#8220; custom_button=&#8220;on&#8220; button_text_color=&#8220;#FFFFFF&#8220; button_bg_color=&#8220;rgba(255,255,255,0.6)&#8220; button_border_color=&#8220;rgba(255,255,255,0)&#8220; button_font=&#8220;|700||on|||||&#8220; header_text_shadow_style=&#8220;preset2&#8243; header_text_shadow_horizontal_length=&#8220;0.18em&#8220; header_text_shadow_vertical_length=&#8220;0.1em&#8220; body_text_shadow_style=&#8220;preset3&#8243; body_text_shadow_blur_strength=&#8220;0.47em&#8220; body_text_shadow_color=&#8220;#004890&#8243; border_radii=&#8220;on|10px|10px|10px|10px&#8220; button_text_shadow_style=&#8220;preset2&#8243; button_text_shadow_horizontal_length=&#8220;0.12em&#8220; button_text_shadow_blur_strength=&#8220;0.38em&#8220; button_text_shadow_color=&#8220;#004890&#8243; text_shadow_style=&#8220;preset5&#8243; text_shadow_blur_strength=&#8220;0.63em&#8220; text_shadow_color=&#8220;#004890&#8243; global_colors_info=&#8220;{}&#8220; theme_builder_area=&#8220;post_content&#8220;]<\/p>\n<p>Vermeiden Sie das Einpacken von Bettw\u00e4sche. Wenn Sie bei der Buchung noch kein Bettw\u00e4sche-Set vorbestellt haben, k\u00f6nnen Sie sich an info@vallecamping.se wenden und es zu Ihrer Buchung hinzuf\u00fcgen. Die Bettw\u00e4sche-Set-Miete beinhaltet einen Kissenbezug, einen Bettbezug, ein Laken und ein Handtuch.  <\/p>\n<p>[\/et_pb_cta][\/et_pb_column][et_pb_column type=&#8220;1_4&#8243; _builder_version=&#8220;4.26.1&#8243; _module_preset=&#8220;default&#8220; global_colors_info=&#8220;{}&#8220; theme_builder_area=&#8220;post_content&#8220;][et_pb_cta title=&#8220;LADESTATION&#8220; button_url=&#8220;https:\/\/www.vallecamping.se\/de\/elbilsladdning-2\/&#8220; button_text=&#8220;Mehr lesen&#8230;&#8220; _builder_version=&#8220;4.26.1&#8243; _module_preset=&#8220;default&#8220; header_font=&#8220;|800||on|||||&#8220; header_font_size=&#8220;25px&#8220; body_font_size=&#8220;16px&#8220; background_enable_color=&#8220;off&#8220; use_background_color_gradient=&#8220;on&#8220; background_color_gradient_type=&#8220;circular&#8220; background_color_gradient_stops=&#8220;rgba(0,72,144,0.6) 0%|rgba(255,255,255,0) 98%&#8220; background_color_gradient_overlays_image=&#8220;on&#8220; background_image=&#8220;https:\/\/www.vallecamping.se\/wp-content\/uploads\/2024\/05\/Elbilsladdning_270x270.jpg&#8220; background_pattern_repeat=&#8220;space&#8220; custom_button=&#8220;on&#8220; button_text_color=&#8220;#FFFFFF&#8220; button_bg_color=&#8220;rgba(255,255,255,0.6)&#8220; button_border_color=&#8220;rgba(255,255,255,0)&#8220; button_font=&#8220;|700||on|||||&#8220; header_text_shadow_style=&#8220;preset2&#8243; header_text_shadow_horizontal_length=&#8220;0.18em&#8220; header_text_shadow_vertical_length=&#8220;0.1em&#8220; body_text_shadow_style=&#8220;preset3&#8243; body_text_shadow_blur_strength=&#8220;0.47em&#8220; body_text_shadow_color=&#8220;#004890&#8243; border_radii=&#8220;on|10px|10px|10px|10px&#8220; button_text_shadow_style=&#8220;preset2&#8243; button_text_shadow_horizontal_length=&#8220;0.12em&#8220; button_text_shadow_blur_strength=&#8220;0.38em&#8220; button_text_shadow_color=&#8220;#004890&#8243; text_shadow_style=&#8220;preset5&#8243; text_shadow_blur_strength=&#8220;0.63em&#8220; text_shadow_color=&#8220;#004890&#8243; global_colors_info=&#8220;{}&#8220; theme_builder_area=&#8220;post_content&#8220;]<\/p>\n<p>Buchen Sie eine Ladestation f\u00fcr Ihr Elektroauto.<\/p>\n<p>Wenn Sie noch nicht gebucht haben, k\u00f6nnen Sie dies telefonisch oder per E-Mail bei uns tun.<\/p>\n<p>Hier k\u00f6nnen Sie mehr \u00fcber die Ladem\u00f6glichkeiten erfahren.<\/p>\n<p>[\/et_pb_cta][\/et_pb_column][et_pb_column type=&#8220;1_4&#8243; _builder_version=&#8220;4.26.1&#8243; _module_preset=&#8220;default&#8220; global_colors_info=&#8220;{}&#8220; theme_builder_area=&#8220;post_content&#8220;][et_pb_cta title=&#8220;SAUNA&#8220; button_url=&#8220;https:\/\/www.vallecamping.se\/de\/bastu-2\/&#8220; button_text=&#8220;Mehr lesen&#8230;&#8220; _builder_version=&#8220;4.26.1&#8243; _module_preset=&#8220;default&#8220; header_font=&#8220;|800||on|||||&#8220; header_font_size=&#8220;25px&#8220; body_font_size=&#8220;16px&#8220; background_enable_color=&#8220;off&#8220; use_background_color_gradient=&#8220;on&#8220; background_color_gradient_type=&#8220;circular&#8220; background_color_gradient_stops=&#8220;rgba(0,72,144,0.6) 0%|rgba(255,255,255,0) 98%&#8220; background_color_gradient_overlays_image=&#8220;on&#8220; background_image=&#8220;https:\/\/www.vallecamping.se\/wp-content\/uploads\/2021\/07\/Bastubryggan-hang-valle-camping.jpg&#8220; background_pattern_repeat=&#8220;space&#8220; custom_button=&#8220;on&#8220; button_text_color=&#8220;#FFFFFF&#8220; button_bg_color=&#8220;rgba(255,255,255,0.6)&#8220; button_border_color=&#8220;rgba(255,255,255,0)&#8220; button_font=&#8220;|700||on|||||&#8220; header_text_shadow_style=&#8220;preset2&#8243; header_text_shadow_horizontal_length=&#8220;0.18em&#8220; header_text_shadow_vertical_length=&#8220;0.1em&#8220; body_text_shadow_style=&#8220;preset3&#8243; body_text_shadow_blur_strength=&#8220;0.47em&#8220; body_text_shadow_color=&#8220;#004890&#8243; border_radii=&#8220;on|10px|10px|10px|10px&#8220; button_text_shadow_style=&#8220;preset2&#8243; button_text_shadow_horizontal_length=&#8220;0.12em&#8220; button_text_shadow_blur_strength=&#8220;0.38em&#8220; button_text_shadow_color=&#8220;#004890&#8243; text_shadow_style=&#8220;preset5&#8243; text_shadow_blur_strength=&#8220;0.63em&#8220; text_shadow_color=&#8220;#004890&#8243; global_colors_info=&#8220;{}&#8220; theme_builder_area=&#8220;post_content&#8220;]<\/p>\n<p>Genie\u00dfen Sie eine Sauna. Unabh\u00e4ngig vom Wetter ist ein Saunabad eine wunderbar entspannende Erfahrung.   <\/p>\n<p>[\/et_pb_cta][\/et_pb_column][et_pb_column type=&#8220;1_4&#8243; _builder_version=&#8220;4.26.1&#8243; _module_preset=&#8220;default&#8220; global_colors_info=&#8220;{}&#8220; theme_builder_area=&#8220;post_content&#8220;][\/et_pb_column][\/et_pb_row][et_pb_row column_structure=&#8220;2_5,3_5&#8243; use_custom_gutter=&#8220;on&#8220; gutter_width=&#8220;2&#8243; _builder_version=&#8220;4.26.1&#8243; _module_preset=&#8220;default&#8220; width=&#8220;100%&#8220; max_width=&#8220;1280px&#8220; custom_margin=&#8220;16px|auto||auto|false|false&#8220; custom_padding=&#8220;8px||0px|||&#8220; global_colors_info=&#8220;{}&#8220; theme_builder_area=&#8220;post_content&#8220;][et_pb_column type=&#8220;2_5&#8243; _builder_version=&#8220;4.26.1&#8243; _module_preset=&#8220;default&#8220; global_colors_info=&#8220;{}&#8220; theme_builder_area=&#8220;post_content&#8220;][et_pb_text content_last_edited=&#8220;off|desktop&#8220; _builder_version=&#8220;4.26.1&#8243; _module_preset=&#8220;default&#8220; text_text_color=&#8220;#000000&#8243; text_font_size=&#8220;18px&#8220; link_font=&#8220;|600|||on||||dotted&#8220; link_text_color=&#8220;#001f3f&#8220; header_text_color=&#8220;#ffffff&#8220; header_font_size=&#8220;34px&#8220; header_2_font=&#8220;|700||on|||||&#8220; header_2_text_color=&#8220;#002860&#8243; header_2_font_size=&#8220;30px&#8220; background_color=&#8220;#FFFFFF&#8220; custom_margin=&#8220;||-2px|||&#8220; custom_padding=&#8220;20px|20px|20px|20px|true|true&#8220; text_font_size_tablet=&#8220;18px&#8220; text_font_size_phone=&#8220;14px&#8220; text_font_size_last_edited=&#8220;on|phone&#8220; header_2_font_size_tablet=&#8220;20px&#8220; header_2_font_size_phone=&#8220;20px&#8220; header_2_font_size_last_edited=&#8220;on|tablet&#8220; header_text_shadow_style=&#8220;preset1&#8243; border_radii=&#8220;on|6px|6px|6px|6px&#8220; global_colors_info=&#8220;{}&#8220; theme_builder_area=&#8220;post_content&#8220;]<\/p>\n<h2>ANREISE<\/h2>\n<p>Valle Camping befindet sich am Husg\u00e4rdessj\u00f6n im sch\u00f6nen Vallebygden im V\u00e4stra G\u00f6taland in dem, was fr\u00fcher als Skaraborgs l\u00e4n bekannt war &#8211; also in der Gegend zwischen den Seen V\u00e4nern und V\u00e4ttern.<\/p>\n<p>Sie finden uns unter der Adresse Sk\u00e4rv Per-Larsg\u00e5rden 2 entlang der Autobahn 49, genau zwischen den St\u00e4dten Skara und Sk\u00f6vde, in der N\u00e4he des Hornborgasees und direkt neben den Gemeinden Varnhem und Axvall.<\/p>\n<p><a href=\"https:\/\/www.google.com\/maps\/place\/Valle+Camping+i+Axvall,+Skara\/@58.3979633,13.6057952,17z\/data=!4m11!3m10!1s0x465b1dec25a8d64d:0x482df524e3dd0b6b!5m4!1s2024-07-29!2i2!4m1!1i2!8m2!3d58.3979633!4d13.6057952!16s%2Fg%2F12vrp_sjw?entry=ttu\">Google Maps<\/a> &#8211; <a href=\"https:\/\/maps.apple.com\/place?auid=4024017979419437164&amp;ll=58.395786,13.609346&amp;lsp=9902&amp;q=Valle%20Campingstugor&amp;_ext=ChoKBQgEENIBCgQIBRADCgUIBhCIAQoECAoQABIkKZjs6TQcMU1AMbci1oeaEStAOSfQcX8\/O01AQVtxu+GIdytA&amp;t=m\">Apple karten<\/a><\/p>\n<p>GPS: 58.3953, 13.6088<\/p>\n<p>Pluskodierung: 9JW5+8Q Sk\u00e4rv<\/p>\n<p>[\/et_pb_text][\/et_pb_column][et_pb_column type=&#8220;3_5&#8243; _builder_version=&#8220;4.26.1&#8243; _module_preset=&#8220;default&#8220; global_colors_info=&#8220;{}&#8220; theme_builder_area=&#8220;post_content&#8220;][et_pb_image src=&#8220;https:\/\/www.vallecamping.se\/wp-content\/uploads\/2021\/04\/valle_camping_karta_skaraborg.jpg&#8220; title_text=&#8220;valle_camping_Karten_skaraborg&#8220; _builder_version=&#8220;4.26.1&#8243; _module_preset=&#8220;default&#8220; global_colors_info=&#8220;{}&#8220; theme_builder_area=&#8220;post_content&#8220;][\/et_pb_image][\/et_pb_column][\/et_pb_row][\/et_pb_section]<\/p>\n","protected":false},"excerpt":{"rendered":"<p>V\u00e4lkommen till Valle camping! Har du n\u00e5gra funderingar \u00e4r du alltid v\u00e4lkommen att h\u00f6ra av dig via e-post (info@vallecamping.se) eller telefon (0511-621 09) Hj\u00e4rtligt v\u00e4lkomna! Linus &amp; \u00c5se med personalCheck-in und Check-out Die folgenden Zeiten gelten f\u00fcr Check-in und Check-out. Check-in-Zeiten geben die fr\u00fcheste Zeit an, zu der Sie einchecken k\u00f6nnen, und Check-out-Zeiten geben die [&hellip;]<\/p>\n","protected":false},"author":2,"featured_media":13276,"comment_status":"closed","ping_status":"open","sticky":false,"template":"","format":"standard","meta":{"_et_pb_use_builder":"on","_et_pb_old_content":"","_et_gb_content_width":"","footnotes":""},"categories":[148],"tags":[],"class_list":["post-14846","post","type-post","status-publish","format-standard","has-post-thumbnail","hentry","category-information"],"yoast_head":"<!-- This site is optimized with the Yoast SEO plugin v27.5 - https:\/\/yoast.com\/product\/yoast-seo-wordpress\/ -->\n<title>Willkommen - Valle Camping AB<\/title>\n<meta name=\"robots\" content=\"noindex, nofollow\" \/>\n<meta property=\"og:locale\" content=\"de_DE\" \/>\n<meta property=\"og:type\" content=\"article\" \/>\n<meta property=\"og:title\" content=\"Willkommen - Valle Camping AB\" \/>\n<meta property=\"og:description\" content=\"V\u00e4lkommen till Valle camping! Har du n\u00e5gra funderingar \u00e4r du alltid v\u00e4lkommen att h\u00f6ra av dig via e-post (info@vallecamping.se) eller telefon (0511-621 09) Hj\u00e4rtligt v\u00e4lkomna! Linus &amp; \u00c5se med personalCheck-in und Check-out Die folgenden Zeiten gelten f\u00fcr Check-in und Check-out. Check-in-Zeiten geben die fr\u00fcheste Zeit an, zu der Sie einchecken k\u00f6nnen, und Check-out-Zeiten geben die [&hellip;]\" \/>\n<meta property=\"og:url\" content=\"https:\/\/www.vallecamping.se\/de\/willkommen-11\/\" \/>\n<meta property=\"og:site_name\" content=\"Valle Camping AB\" \/>\n<meta property=\"article:publisher\" content=\"https:\/\/www.facebook.com\/vallecamping\" \/>\n<meta property=\"article:published_time\" content=\"2025-05-08T20:01:52+00:00\" \/>\n<meta property=\"article:modified_time\" content=\"2025-05-08T20:01:53+00:00\" \/>\n<meta property=\"og:image\" content=\"https:\/\/www.vallecamping.se\/wp-content\/uploads\/2024\/05\/Valkommenl-600x300-1.jpg\" \/>\n\t<meta property=\"og:image:width\" content=\"1701\" \/>\n\t<meta property=\"og:image:height\" content=\"850\" \/>\n\t<meta property=\"og:image:type\" content=\"image\/jpeg\" \/>\n<meta name=\"author\" content=\"Fredrik Larsson\" \/>\n<meta name=\"twitter:card\" content=\"summary_large_image\" \/>\n<meta name=\"twitter:label1\" content=\"Verfasst von\" \/>\n\t<meta name=\"twitter:data1\" content=\"Fredrik Larsson\" \/>\n\t<meta name=\"twitter:label2\" content=\"Gesch\u00e4tzte Lesezeit\" \/>\n\t<meta name=\"twitter:data2\" content=\"8\u00a0Minuten\" \/>\n<script type=\"application\/ld+json\" class=\"yoast-schema-graph\">{\"@context\":\"https:\\\/\\\/schema.org\",\"@graph\":[{\"@type\":\"Article\",\"@id\":\"https:\\\/\\\/www.vallecamping.se\\\/de\\\/willkommen-11\\\/#article\",\"isPartOf\":{\"@id\":\"https:\\\/\\\/www.vallecamping.se\\\/de\\\/willkommen-11\\\/\"},\"author\":{\"name\":\"Fredrik Larsson\",\"@id\":\"https:\\\/\\\/www.vallecamping.se\\\/de\\\/#\\\/schema\\\/person\\\/53b61d8a873ce1132f85395fb8a22aa0\"},\"headline\":\"Willkommen\",\"datePublished\":\"2025-05-08T20:01:52+00:00\",\"dateModified\":\"2025-05-08T20:01:53+00:00\",\"mainEntityOfPage\":{\"@id\":\"https:\\\/\\\/www.vallecamping.se\\\/de\\\/willkommen-11\\\/\"},\"wordCount\":1566,\"publisher\":{\"@id\":\"https:\\\/\\\/www.vallecamping.se\\\/de\\\/#organization\"},\"image\":{\"@id\":\"https:\\\/\\\/www.vallecamping.se\\\/de\\\/willkommen-11\\\/#primaryimage\"},\"thumbnailUrl\":\"https:\\\/\\\/www.vallecamping.se\\\/wp-content\\\/uploads\\\/2024\\\/05\\\/Valkommenl-600x300-1.jpg\",\"articleSection\":[\"Information\"],\"inLanguage\":\"de\"},{\"@type\":\"WebPage\",\"@id\":\"https:\\\/\\\/www.vallecamping.se\\\/de\\\/willkommen-11\\\/\",\"url\":\"https:\\\/\\\/www.vallecamping.se\\\/de\\\/willkommen-11\\\/\",\"name\":\"Willkommen - Valle Camping AB\",\"isPartOf\":{\"@id\":\"https:\\\/\\\/www.vallecamping.se\\\/de\\\/#website\"},\"primaryImageOfPage\":{\"@id\":\"https:\\\/\\\/www.vallecamping.se\\\/de\\\/willkommen-11\\\/#primaryimage\"},\"image\":{\"@id\":\"https:\\\/\\\/www.vallecamping.se\\\/de\\\/willkommen-11\\\/#primaryimage\"},\"thumbnailUrl\":\"https:\\\/\\\/www.vallecamping.se\\\/wp-content\\\/uploads\\\/2024\\\/05\\\/Valkommenl-600x300-1.jpg\",\"datePublished\":\"2025-05-08T20:01:52+00:00\",\"dateModified\":\"2025-05-08T20:01:53+00:00\",\"breadcrumb\":{\"@id\":\"https:\\\/\\\/www.vallecamping.se\\\/de\\\/willkommen-11\\\/#breadcrumb\"},\"inLanguage\":\"de\",\"potentialAction\":[{\"@type\":\"ReadAction\",\"target\":[\"https:\\\/\\\/www.vallecamping.se\\\/de\\\/willkommen-11\\\/\"]}]},{\"@type\":\"ImageObject\",\"inLanguage\":\"de\",\"@id\":\"https:\\\/\\\/www.vallecamping.se\\\/de\\\/willkommen-11\\\/#primaryimage\",\"url\":\"https:\\\/\\\/www.vallecamping.se\\\/wp-content\\\/uploads\\\/2024\\\/05\\\/Valkommenl-600x300-1.jpg\",\"contentUrl\":\"https:\\\/\\\/www.vallecamping.se\\\/wp-content\\\/uploads\\\/2024\\\/05\\\/Valkommenl-600x300-1.jpg\",\"width\":1701,\"height\":850,\"caption\":\"Willkommen\"},{\"@type\":\"BreadcrumbList\",\"@id\":\"https:\\\/\\\/www.vallecamping.se\\\/de\\\/willkommen-11\\\/#breadcrumb\",\"itemListElement\":[{\"@type\":\"ListItem\",\"position\":1,\"name\":\"Hem\",\"item\":\"https:\\\/\\\/www.vallecamping.se\\\/de\\\/\"},{\"@type\":\"ListItem\",\"position\":2,\"name\":\"Willkommen\"}]},{\"@type\":\"WebSite\",\"@id\":\"https:\\\/\\\/www.vallecamping.se\\\/de\\\/#website\",\"url\":\"https:\\\/\\\/www.vallecamping.se\\\/de\\\/\",\"name\":\"Valle Camping AB\",\"description\":\"Valle Camping - Stugor, camping, st\u00e4llplatser och vandrarhem vid sj\u00f6 i vackra Valle n\u00e4ra Skara sommarland, Hornborgasj\u00f6n, Varnhems klosterkyrka, Kata g\u00e5rd med mera\",\"publisher\":{\"@id\":\"https:\\\/\\\/www.vallecamping.se\\\/de\\\/#organization\"},\"alternateName\":\"Valle camping\",\"potentialAction\":[{\"@type\":\"SearchAction\",\"target\":{\"@type\":\"EntryPoint\",\"urlTemplate\":\"https:\\\/\\\/www.vallecamping.se\\\/de\\\/?s={search_term_string}\"},\"query-input\":{\"@type\":\"PropertyValueSpecification\",\"valueRequired\":true,\"valueName\":\"search_term_string\"}}],\"inLanguage\":\"de\"},{\"@type\":\"Organization\",\"@id\":\"https:\\\/\\\/www.vallecamping.se\\\/de\\\/#organization\",\"name\":\"Valle camping AB\",\"alternateName\":\"Valle camping\",\"url\":\"https:\\\/\\\/www.vallecamping.se\\\/de\\\/\",\"logo\":{\"@type\":\"ImageObject\",\"inLanguage\":\"de\",\"@id\":\"https:\\\/\\\/www.vallecamping.se\\\/de\\\/#\\\/schema\\\/logo\\\/image\\\/\",\"url\":\"https:\\\/\\\/www.vallecamping.se\\\/wp-content\\\/uploads\\\/2023\\\/03\\\/Valle-Camping-Icon2303-1.png\",\"contentUrl\":\"https:\\\/\\\/www.vallecamping.se\\\/wp-content\\\/uploads\\\/2023\\\/03\\\/Valle-Camping-Icon2303-1.png\",\"width\":500,\"height\":496,\"caption\":\"Valle camping AB\"},\"image\":{\"@id\":\"https:\\\/\\\/www.vallecamping.se\\\/de\\\/#\\\/schema\\\/logo\\\/image\\\/\"},\"sameAs\":[\"https:\\\/\\\/www.facebook.com\\\/vallecamping\",\"https:\\\/\\\/www.instagram.com\\\/vallecampingstugor\\\/\",\"https:\\\/\\\/www.youtube.com\\\/channel\\\/UCoJUm2JGJm1kc46V1JnI47Q\"]},{\"@type\":\"Person\",\"@id\":\"https:\\\/\\\/www.vallecamping.se\\\/de\\\/#\\\/schema\\\/person\\\/53b61d8a873ce1132f85395fb8a22aa0\",\"name\":\"Fredrik Larsson\"}]}<\/script>\n<!-- \/ Yoast SEO plugin. -->","yoast_head_json":{"title":"Willkommen - Valle Camping AB","robots":{"index":"noindex","follow":"nofollow"},"og_locale":"de_DE","og_type":"article","og_title":"Willkommen - Valle Camping AB","og_description":"V\u00e4lkommen till Valle camping! Har du n\u00e5gra funderingar \u00e4r du alltid v\u00e4lkommen att h\u00f6ra av dig via e-post (info@vallecamping.se) eller telefon (0511-621 09) Hj\u00e4rtligt v\u00e4lkomna! Linus &amp; \u00c5se med personalCheck-in und Check-out Die folgenden Zeiten gelten f\u00fcr Check-in und Check-out. Check-in-Zeiten geben die fr\u00fcheste Zeit an, zu der Sie einchecken k\u00f6nnen, und Check-out-Zeiten geben die [&hellip;]","og_url":"https:\/\/www.vallecamping.se\/de\/willkommen-11\/","og_site_name":"Valle Camping AB","article_publisher":"https:\/\/www.facebook.com\/vallecamping","article_published_time":"2025-05-08T20:01:52+00:00","article_modified_time":"2025-05-08T20:01:53+00:00","og_image":[{"width":1701,"height":850,"url":"https:\/\/www.vallecamping.se\/wp-content\/uploads\/2024\/05\/Valkommenl-600x300-1.jpg","type":"image\/jpeg"}],"author":"Fredrik Larsson","twitter_card":"summary_large_image","twitter_misc":{"Verfasst von":"Fredrik Larsson","Gesch\u00e4tzte Lesezeit":"8\u00a0Minuten"},"schema":{"@context":"https:\/\/schema.org","@graph":[{"@type":"Article","@id":"https:\/\/www.vallecamping.se\/de\/willkommen-11\/#article","isPartOf":{"@id":"https:\/\/www.vallecamping.se\/de\/willkommen-11\/"},"author":{"name":"Fredrik Larsson","@id":"https:\/\/www.vallecamping.se\/de\/#\/schema\/person\/53b61d8a873ce1132f85395fb8a22aa0"},"headline":"Willkommen","datePublished":"2025-05-08T20:01:52+00:00","dateModified":"2025-05-08T20:01:53+00:00","mainEntityOfPage":{"@id":"https:\/\/www.vallecamping.se\/de\/willkommen-11\/"},"wordCount":1566,"publisher":{"@id":"https:\/\/www.vallecamping.se\/de\/#organization"},"image":{"@id":"https:\/\/www.vallecamping.se\/de\/willkommen-11\/#primaryimage"},"thumbnailUrl":"https:\/\/www.vallecamping.se\/wp-content\/uploads\/2024\/05\/Valkommenl-600x300-1.jpg","articleSection":["Information"],"inLanguage":"de"},{"@type":"WebPage","@id":"https:\/\/www.vallecamping.se\/de\/willkommen-11\/","url":"https:\/\/www.vallecamping.se\/de\/willkommen-11\/","name":"Willkommen - Valle Camping AB","isPartOf":{"@id":"https:\/\/www.vallecamping.se\/de\/#website"},"primaryImageOfPage":{"@id":"https:\/\/www.vallecamping.se\/de\/willkommen-11\/#primaryimage"},"image":{"@id":"https:\/\/www.vallecamping.se\/de\/willkommen-11\/#primaryimage"},"thumbnailUrl":"https:\/\/www.vallecamping.se\/wp-content\/uploads\/2024\/05\/Valkommenl-600x300-1.jpg","datePublished":"2025-05-08T20:01:52+00:00","dateModified":"2025-05-08T20:01:53+00:00","breadcrumb":{"@id":"https:\/\/www.vallecamping.se\/de\/willkommen-11\/#breadcrumb"},"inLanguage":"de","potentialAction":[{"@type":"ReadAction","target":["https:\/\/www.vallecamping.se\/de\/willkommen-11\/"]}]},{"@type":"ImageObject","inLanguage":"de","@id":"https:\/\/www.vallecamping.se\/de\/willkommen-11\/#primaryimage","url":"https:\/\/www.vallecamping.se\/wp-content\/uploads\/2024\/05\/Valkommenl-600x300-1.jpg","contentUrl":"https:\/\/www.vallecamping.se\/wp-content\/uploads\/2024\/05\/Valkommenl-600x300-1.jpg","width":1701,"height":850,"caption":"Willkommen"},{"@type":"BreadcrumbList","@id":"https:\/\/www.vallecamping.se\/de\/willkommen-11\/#breadcrumb","itemListElement":[{"@type":"ListItem","position":1,"name":"Hem","item":"https:\/\/www.vallecamping.se\/de\/"},{"@type":"ListItem","position":2,"name":"Willkommen"}]},{"@type":"WebSite","@id":"https:\/\/www.vallecamping.se\/de\/#website","url":"https:\/\/www.vallecamping.se\/de\/","name":"Valle Camping AB","description":"Valle Camping - Stugor, camping, st\u00e4llplatser och vandrarhem vid sj\u00f6 i vackra Valle n\u00e4ra Skara sommarland, Hornborgasj\u00f6n, Varnhems klosterkyrka, Kata g\u00e5rd med mera","publisher":{"@id":"https:\/\/www.vallecamping.se\/de\/#organization"},"alternateName":"Valle camping","potentialAction":[{"@type":"SearchAction","target":{"@type":"EntryPoint","urlTemplate":"https:\/\/www.vallecamping.se\/de\/?s={search_term_string}"},"query-input":{"@type":"PropertyValueSpecification","valueRequired":true,"valueName":"search_term_string"}}],"inLanguage":"de"},{"@type":"Organization","@id":"https:\/\/www.vallecamping.se\/de\/#organization","name":"Valle camping AB","alternateName":"Valle camping","url":"https:\/\/www.vallecamping.se\/de\/","logo":{"@type":"ImageObject","inLanguage":"de","@id":"https:\/\/www.vallecamping.se\/de\/#\/schema\/logo\/image\/","url":"https:\/\/www.vallecamping.se\/wp-content\/uploads\/2023\/03\/Valle-Camping-Icon2303-1.png","contentUrl":"https:\/\/www.vallecamping.se\/wp-content\/uploads\/2023\/03\/Valle-Camping-Icon2303-1.png","width":500,"height":496,"caption":"Valle camping AB"},"image":{"@id":"https:\/\/www.vallecamping.se\/de\/#\/schema\/logo\/image\/"},"sameAs":["https:\/\/www.facebook.com\/vallecamping","https:\/\/www.instagram.com\/vallecampingstugor\/","https:\/\/www.youtube.com\/channel\/UCoJUm2JGJm1kc46V1JnI47Q"]},{"@type":"Person","@id":"https:\/\/www.vallecamping.se\/de\/#\/schema\/person\/53b61d8a873ce1132f85395fb8a22aa0","name":"Fredrik Larsson"}]}},"_links":{"self":[{"href":"https:\/\/www.vallecamping.se\/de\/wp-json\/wp\/v2\/posts\/14846","targetHints":{"allow":["GET"]}}],"collection":[{"href":"https:\/\/www.vallecamping.se\/de\/wp-json\/wp\/v2\/posts"}],"about":[{"href":"https:\/\/www.vallecamping.se\/de\/wp-json\/wp\/v2\/types\/post"}],"author":[{"embeddable":true,"href":"https:\/\/www.vallecamping.se\/de\/wp-json\/wp\/v2\/users\/2"}],"replies":[{"embeddable":true,"href":"https:\/\/www.vallecamping.se\/de\/wp-json\/wp\/v2\/comments?post=14846"}],"version-history":[{"count":2,"href":"https:\/\/www.vallecamping.se\/de\/wp-json\/wp\/v2\/posts\/14846\/revisions"}],"predecessor-version":[{"id":14851,"href":"https:\/\/www.vallecamping.se\/de\/wp-json\/wp\/v2\/posts\/14846\/revisions\/14851"}],"wp:featuredmedia":[{"embeddable":true,"href":"https:\/\/www.vallecamping.se\/de\/wp-json\/wp\/v2\/media\/13276"}],"wp:attachment":[{"href":"https:\/\/www.vallecamping.se\/de\/wp-json\/wp\/v2\/media?parent=14846"}],"wp:term":[{"taxonomy":"category","embeddable":true,"href":"https:\/\/www.vallecamping.se\/de\/wp-json\/wp\/v2\/categories?post=14846"},{"taxonomy":"post_tag","embeddable":true,"href":"https:\/\/www.vallecamping.se\/de\/wp-json\/wp\/v2\/tags?post=14846"}],"curies":[{"name":"wp","href":"https:\/\/api.w.org\/{rel}","templated":true}]}}