{"id":13643,"date":"2021-07-13T13:41:20","date_gmt":"2021-07-13T13:41:20","guid":{"rendered":"https:\/\/www.vallecamping.se\/fruehstueck\/"},"modified":"2024-07-08T11:47:57","modified_gmt":"2024-07-08T11:47:57","slug":"fruehstueck","status":"publish","type":"post","link":"https:\/\/www.vallecamping.se\/de\/fruehstueck\/","title":{"rendered":"Fr\u00fchst\u00fcck"},"content":{"rendered":"<p>[et_pb_section fb_built=&#8220;1&#8243; _builder_version=&#8220;4.16&#8243; _module_preset=&#8220;default&#8220; background_color=&#8220;rgba(0,0,0,0)&#8220; custom_margin=&#8220;-34px|||||&#8220; custom_padding=&#8220;16px|||||&#8220; global_colors_info=&#8220;{}&#8220; theme_builder_area=&#8220;post_content&#8220; da_is_popup=&#8220;off&#8220; da_exit_intent=&#8220;off&#8220; da_has_close=&#8220;on&#8220; da_alt_close=&#8220;off&#8220; da_dark_close=&#8220;off&#8220; da_not_modal=&#8220;on&#8220; da_is_singular=&#8220;off&#8220; da_with_loader=&#8220;off&#8220; da_has_shadow=&#8220;on&#8220; da_disable_devices=&#8220;off|off|off&#8220;][et_pb_row column_structure=&#8220;2_3,1_3&#8243; use_custom_gutter=&#8220;on&#8220; gutter_width=&#8220;2&#8243; _builder_version=&#8220;4.16&#8243; _module_preset=&#8220;default&#8220; width=&#8220;100%&#8220; max_width=&#8220;1280px&#8220; custom_margin=&#8220;16px|auto||auto|false|false&#8220; custom_padding=&#8220;8px|||||&#8220; global_colors_info=&#8220;{}&#8220; theme_builder_area=&#8220;post_content&#8220;][et_pb_column type=&#8220;2_3&#8243; _builder_version=&#8220;4.16&#8243; _module_preset=&#8220;default&#8220; global_colors_info=&#8220;{}&#8220; theme_builder_area=&#8220;post_content&#8220;][et_pb_text ul_type=&#8220;square&#8220; ul_item_indent=&#8220;43px&#8220; ol_item_indent=&#8220;26px&#8220; _builder_version=&#8220;4.26.0&#8243; _module_preset=&#8220;default&#8220; text_font=&#8220;||||||||&#8220; ul_line_height=&#8220;2em&#8220; ol_font=&#8220;||||||||&#8220; ol_line_height=&#8220;2.4em&#8220; header_2_font=&#8220;|600||on|||||&#8220; header_2_text_color=&#8220;#004890&#8243; header_2_font_size=&#8220;19px&#8220; background_color=&#8220;rgba(255,255,255,0.94)&#8220; custom_padding=&#8220;28px|37px|10px|16px|false|false&#8220; hover_enabled=&#8220;0&#8243; border_radii=&#8220;on|9px|9px|9px|9px&#8220; global_colors_info=&#8220;{}&#8220; theme_builder_area=&#8220;post_content&#8220; sticky_enabled=&#8220;0&#8243;]<\/p>\n<p>Wie w\u00e4re es, mit frisch gebr\u00fchtem Kaffee und frischem Brot aufzuwachen? Zurzeit haben wir die M\u00f6glichkeit, einen &#8222;Fr\u00fchst\u00fcckskorb&#8220; anzubieten, der um 8:30 Uhr morgens zu Ihrer Unterkunft auf dem Valle Camping geliefert wird. <\/p>\n<p>Das Fr\u00fchst\u00fcck besteht aus:<\/p>\n<ul>\n<li>Fr\u00fchst\u00fccksbr\u00f6tchen<\/li>\n<li>Butter\/K\u00e4se\/Marmelade<\/li>\n<li>Joghurt\/M\u00fcsli<\/li>\n<li>Gekochtes Ei<\/li>\n<li>Kaffee\/Tee<\/li>\n<li>Saft<\/li>\n<li>Obst<\/li>\n<\/ul>\n<p>PREIS: 95 SEK pro Person<\/p>\n<p>Bestellen Sie sp\u00e4testens um 19:00 Uhr am Vortag. <\/p>\n<p>Sie bestellen \u00fcber das untenstehende Formular.<\/p>\n<p>Bevor wir Ihre Bestellung best\u00e4tigen k\u00f6nnen, m\u00fcssen Sie diese auch bezahlen. Sie k\u00f6nnen entweder die Kosten f\u00fcr das Fr\u00fchst\u00fcck zu Ihrer Buchung hinzuf\u00fcgen (Belastung derselben Karte) oder Sie bezahlen Ihre Bestellung per Swish. <\/p>\n<p>Bitte beachten Sie, dass Sie immer eine Best\u00e4tigung Ihrer Bestellung erhalten sollten. Die Best\u00e4tigung wird am Abend vor dem jeweiligen Fr\u00fchst\u00fcckstermin bis sp\u00e4testens 21:00 Uhr versendet. Falls Sie nach diesem Zeitpunkt keine Best\u00e4tigung erhalten haben oder weitere Fragen haben, rufen Sie bitte 0511-621 09 an. <\/p>\n<p>Vergessen Sie nicht, eventuelle Allergien usw. anzugeben.<\/p>\n<ol><\/ol>\n<p>[\/et_pb_text][wpforms_selector form_id=&#8220;8959&#8243; show_title=&#8220;off&#8220; show_desc=&#8220;on&#8220; _builder_version=&#8220;4.17.5&#8243; _module_preset=&#8220;default&#8220; custom_padding=&#8220;10px|21px|10px|21px|true|true&#8220; global_colors_info=&#8220;{}&#8220; theme_builder_area=&#8220;post_content&#8220;][\/wpforms_selector][\/et_pb_column][et_pb_column type=&#8220;1_3&#8243; _builder_version=&#8220;4.16&#8243; _module_preset=&#8220;default&#8220; global_colors_info=&#8220;{}&#8220; theme_builder_area=&#8220;post_content&#8220;][et_pb_image src=&#8220;https:\/\/www.vallecamping.se\/wp-content\/uploads\/2021\/07\/vi_tar_swish-scaled.jpg&#8220; title_text=&#8220;vi_tar_swish&#8220; _builder_version=&#8220;4.16&#8243; _module_preset=&#8220;default&#8220; max_height=&#8220;447px&#8220; border_radii=&#8220;on|10px|10px|10px|10px&#8220; global_colors_info=&#8220;{}&#8220; theme_builder_area=&#8220;post_content&#8220;][\/et_pb_image][et_pb_image src=&#8220;https:\/\/www.vallecamping.se\/wp-content\/uploads\/2023\/07\/Valle-frukost.jpg&#8220; alt=&#8220;Vallefrukost&#8220; title_text=&#8220;Valle-frukost&#8220; _builder_version=&#8220;4.21.0&#8243; _module_preset=&#8220;default&#8220; width=&#8220;79%&#8220; border_radii=&#8220;on|10px|10px|10px|10px&#8220; global_colors_info=&#8220;{}&#8220; theme_builder_area=&#8220;post_content&#8220;][\/et_pb_image][\/et_pb_column][\/et_pb_row][\/et_pb_section]<\/p>\n","protected":false},"excerpt":{"rendered":"<p>Wie w\u00e4re es, mit frisch gebr\u00fchtem Kaffee und frischem Brot aufzuwachen? Zurzeit haben wir die M\u00f6glichkeit, einen &#8222;Fr\u00fchst\u00fcckskorb&#8220; anzubieten, der um 8:30 Uhr morgens zu Ihrer Unterkunft auf dem Valle Camping geliefert wird. Das Fr\u00fchst\u00fcck besteht aus: Fr\u00fchst\u00fccksbr\u00f6tchen Butter\/K\u00e4se\/Marmelade Joghurt\/M\u00fcsli Gekochtes Ei Kaffee\/Tee Saft Obst PREIS: 95 SEK pro Person Bestellen Sie sp\u00e4testens um 19:00 [&hellip;]<\/p>\n","protected":false},"author":2,"featured_media":13644,"comment_status":"closed","ping_status":"open","sticky":false,"template":"","format":"standard","meta":{"_et_pb_use_builder":"on","_et_pb_old_content":"","_et_gb_content_width":"","footnotes":""},"categories":[164],"tags":[],"class_list":["post-13643","post","type-post","status-publish","format-standard","has-post-thumbnail","hentry","category-angebote"],"yoast_head":"<!-- This site is optimized with the Yoast SEO plugin v27.5 - https:\/\/yoast.com\/product\/yoast-seo-wordpress\/ -->\n<title>Fr\u00fchst\u00fcck - Valle Camping AB<\/title>\n<meta name=\"description\" content=\"Jetzt k\u00f6nnen Sie w\u00e4hrend Ihres Aufenthalts im Valle Camping Fr\u00fchst\u00fcck bestellen. Ihr Fr\u00fchst\u00fcck bestellen Sie \u00fcber unsere Website.\" \/>\n<meta name=\"robots\" content=\"index, follow, max-snippet:-1, max-image-preview:large, max-video-preview:-1\" \/>\n<link rel=\"canonical\" href=\"https:\/\/www.vallecamping.se\/de\/fruehstueck\/\" \/>\n<meta property=\"og:locale\" content=\"de_DE\" \/>\n<meta property=\"og:type\" content=\"article\" \/>\n<meta property=\"og:title\" content=\"Fr\u00fchst\u00fcck - Valle Camping AB\" \/>\n<meta property=\"og:description\" content=\"Jetzt k\u00f6nnen Sie w\u00e4hrend Ihres Aufenthalts im Valle Camping Fr\u00fchst\u00fcck bestellen. Ihr Fr\u00fchst\u00fcck bestellen Sie \u00fcber unsere Website.\" \/>\n<meta property=\"og:url\" content=\"https:\/\/www.vallecamping.se\/de\/fruehstueck\/\" \/>\n<meta property=\"og:site_name\" content=\"Valle Camping AB\" \/>\n<meta property=\"article:publisher\" content=\"https:\/\/www.facebook.com\/vallecamping\" \/>\n<meta property=\"article:published_time\" content=\"2021-07-13T13:41:20+00:00\" \/>\n<meta property=\"article:modified_time\" content=\"2024-07-08T11:47:57+00:00\" \/>\n<meta property=\"og:image\" content=\"https:\/\/www.vallecamping.se\/wp-content\/uploads\/2021\/07\/Frukosterbjudande.jpg\" \/>\n\t<meta property=\"og:image:width\" content=\"1920\" \/>\n\t<meta property=\"og:image:height\" content=\"1080\" \/>\n\t<meta property=\"og:image:type\" content=\"image\/jpeg\" \/>\n<meta name=\"author\" content=\"Fredrik Larsson\" \/>\n<meta name=\"twitter:card\" content=\"summary_large_image\" \/>\n<meta name=\"twitter:label1\" content=\"Verfasst von\" \/>\n\t<meta name=\"twitter:data1\" content=\"Fredrik Larsson\" \/>\n\t<meta name=\"twitter:label2\" content=\"Gesch\u00e4tzte Lesezeit\" \/>\n\t<meta name=\"twitter:data2\" content=\"3\u00a0Minuten\" \/>\n<script type=\"application\/ld+json\" class=\"yoast-schema-graph\">{\"@context\":\"https:\\\/\\\/schema.org\",\"@graph\":[{\"@type\":\"Article\",\"@id\":\"https:\\\/\\\/www.vallecamping.se\\\/de\\\/fruehstueck\\\/#article\",\"isPartOf\":{\"@id\":\"https:\\\/\\\/www.vallecamping.se\\\/de\\\/fruehstueck\\\/\"},\"author\":{\"name\":\"Fredrik Larsson\",\"@id\":\"https:\\\/\\\/www.vallecamping.se\\\/de\\\/#\\\/schema\\\/person\\\/53b61d8a873ce1132f85395fb8a22aa0\"},\"headline\":\"Fr\u00fchst\u00fcck\",\"datePublished\":\"2021-07-13T13:41:20+00:00\",\"dateModified\":\"2024-07-08T11:47:57+00:00\",\"mainEntityOfPage\":{\"@id\":\"https:\\\/\\\/www.vallecamping.se\\\/de\\\/fruehstueck\\\/\"},\"wordCount\":525,\"publisher\":{\"@id\":\"https:\\\/\\\/www.vallecamping.se\\\/de\\\/#organization\"},\"image\":{\"@id\":\"https:\\\/\\\/www.vallecamping.se\\\/de\\\/fruehstueck\\\/#primaryimage\"},\"thumbnailUrl\":\"https:\\\/\\\/www.vallecamping.se\\\/wp-content\\\/uploads\\\/2021\\\/07\\\/Frukosterbjudande.jpg\",\"articleSection\":[\"Angebote\"],\"inLanguage\":\"de\"},{\"@type\":\"WebPage\",\"@id\":\"https:\\\/\\\/www.vallecamping.se\\\/de\\\/fruehstueck\\\/\",\"url\":\"https:\\\/\\\/www.vallecamping.se\\\/de\\\/fruehstueck\\\/\",\"name\":\"Fr\u00fchst\u00fcck - Valle Camping AB\",\"isPartOf\":{\"@id\":\"https:\\\/\\\/www.vallecamping.se\\\/de\\\/#website\"},\"primaryImageOfPage\":{\"@id\":\"https:\\\/\\\/www.vallecamping.se\\\/de\\\/fruehstueck\\\/#primaryimage\"},\"image\":{\"@id\":\"https:\\\/\\\/www.vallecamping.se\\\/de\\\/fruehstueck\\\/#primaryimage\"},\"thumbnailUrl\":\"https:\\\/\\\/www.vallecamping.se\\\/wp-content\\\/uploads\\\/2021\\\/07\\\/Frukosterbjudande.jpg\",\"datePublished\":\"2021-07-13T13:41:20+00:00\",\"dateModified\":\"2024-07-08T11:47:57+00:00\",\"description\":\"Jetzt k\u00f6nnen Sie w\u00e4hrend Ihres Aufenthalts im Valle Camping Fr\u00fchst\u00fcck bestellen. Ihr Fr\u00fchst\u00fcck bestellen Sie \u00fcber unsere Website.\",\"breadcrumb\":{\"@id\":\"https:\\\/\\\/www.vallecamping.se\\\/de\\\/fruehstueck\\\/#breadcrumb\"},\"inLanguage\":\"de\",\"potentialAction\":[{\"@type\":\"ReadAction\",\"target\":[\"https:\\\/\\\/www.vallecamping.se\\\/de\\\/fruehstueck\\\/\"]}]},{\"@type\":\"ImageObject\",\"inLanguage\":\"de\",\"@id\":\"https:\\\/\\\/www.vallecamping.se\\\/de\\\/fruehstueck\\\/#primaryimage\",\"url\":\"https:\\\/\\\/www.vallecamping.se\\\/wp-content\\\/uploads\\\/2021\\\/07\\\/Frukosterbjudande.jpg\",\"contentUrl\":\"https:\\\/\\\/www.vallecamping.se\\\/wp-content\\\/uploads\\\/2021\\\/07\\\/Frukosterbjudande.jpg\",\"width\":1920,\"height\":1080,\"caption\":\"En god och fr\u00e4sch start p\u00e5 dagen \u2013 frukost som kan avnjutas vid boendet p\u00e5 Valle Camping i Vallebygden\"},{\"@type\":\"BreadcrumbList\",\"@id\":\"https:\\\/\\\/www.vallecamping.se\\\/de\\\/fruehstueck\\\/#breadcrumb\",\"itemListElement\":[{\"@type\":\"ListItem\",\"position\":1,\"name\":\"Hem\",\"item\":\"https:\\\/\\\/www.vallecamping.se\\\/de\\\/\"},{\"@type\":\"ListItem\",\"position\":2,\"name\":\"Fr\u00fchst\u00fcck\"}]},{\"@type\":\"WebSite\",\"@id\":\"https:\\\/\\\/www.vallecamping.se\\\/de\\\/#website\",\"url\":\"https:\\\/\\\/www.vallecamping.se\\\/de\\\/\",\"name\":\"Valle Camping AB\",\"description\":\"Valle Camping - Stugor, camping, st\u00e4llplatser och vandrarhem vid sj\u00f6 i vackra Valle n\u00e4ra Skara sommarland, Hornborgasj\u00f6n, Varnhems klosterkyrka, Kata g\u00e5rd med mera\",\"publisher\":{\"@id\":\"https:\\\/\\\/www.vallecamping.se\\\/de\\\/#organization\"},\"alternateName\":\"Valle camping\",\"potentialAction\":[{\"@type\":\"SearchAction\",\"target\":{\"@type\":\"EntryPoint\",\"urlTemplate\":\"https:\\\/\\\/www.vallecamping.se\\\/de\\\/?s={search_term_string}\"},\"query-input\":{\"@type\":\"PropertyValueSpecification\",\"valueRequired\":true,\"valueName\":\"search_term_string\"}}],\"inLanguage\":\"de\"},{\"@type\":\"Organization\",\"@id\":\"https:\\\/\\\/www.vallecamping.se\\\/de\\\/#organization\",\"name\":\"Valle camping AB\",\"alternateName\":\"Valle camping\",\"url\":\"https:\\\/\\\/www.vallecamping.se\\\/de\\\/\",\"logo\":{\"@type\":\"ImageObject\",\"inLanguage\":\"de\",\"@id\":\"https:\\\/\\\/www.vallecamping.se\\\/de\\\/#\\\/schema\\\/logo\\\/image\\\/\",\"url\":\"https:\\\/\\\/www.vallecamping.se\\\/wp-content\\\/uploads\\\/2023\\\/03\\\/Valle-Camping-Icon2303-1.png\",\"contentUrl\":\"https:\\\/\\\/www.vallecamping.se\\\/wp-content\\\/uploads\\\/2023\\\/03\\\/Valle-Camping-Icon2303-1.png\",\"width\":500,\"height\":496,\"caption\":\"Valle camping AB\"},\"image\":{\"@id\":\"https:\\\/\\\/www.vallecamping.se\\\/de\\\/#\\\/schema\\\/logo\\\/image\\\/\"},\"sameAs\":[\"https:\\\/\\\/www.facebook.com\\\/vallecamping\",\"https:\\\/\\\/www.instagram.com\\\/vallecampingstugor\\\/\",\"https:\\\/\\\/www.youtube.com\\\/channel\\\/UCoJUm2JGJm1kc46V1JnI47Q\"]},{\"@type\":\"Person\",\"@id\":\"https:\\\/\\\/www.vallecamping.se\\\/de\\\/#\\\/schema\\\/person\\\/53b61d8a873ce1132f85395fb8a22aa0\",\"name\":\"Fredrik Larsson\"}]}<\/script>\n<!-- \/ Yoast SEO plugin. -->","yoast_head_json":{"title":"Fr\u00fchst\u00fcck - Valle Camping AB","description":"Jetzt k\u00f6nnen Sie w\u00e4hrend Ihres Aufenthalts im Valle Camping Fr\u00fchst\u00fcck bestellen. Ihr Fr\u00fchst\u00fcck bestellen Sie \u00fcber unsere Website.","robots":{"index":"index","follow":"follow","max-snippet":"max-snippet:-1","max-image-preview":"max-image-preview:large","max-video-preview":"max-video-preview:-1"},"canonical":"https:\/\/www.vallecamping.se\/de\/fruehstueck\/","og_locale":"de_DE","og_type":"article","og_title":"Fr\u00fchst\u00fcck - Valle Camping AB","og_description":"Jetzt k\u00f6nnen Sie w\u00e4hrend Ihres Aufenthalts im Valle Camping Fr\u00fchst\u00fcck bestellen. Ihr Fr\u00fchst\u00fcck bestellen Sie \u00fcber unsere Website.","og_url":"https:\/\/www.vallecamping.se\/de\/fruehstueck\/","og_site_name":"Valle Camping AB","article_publisher":"https:\/\/www.facebook.com\/vallecamping","article_published_time":"2021-07-13T13:41:20+00:00","article_modified_time":"2024-07-08T11:47:57+00:00","og_image":[{"width":1920,"height":1080,"url":"https:\/\/www.vallecamping.se\/wp-content\/uploads\/2021\/07\/Frukosterbjudande.jpg","type":"image\/jpeg"}],"author":"Fredrik Larsson","twitter_card":"summary_large_image","twitter_misc":{"Verfasst von":"Fredrik Larsson","Gesch\u00e4tzte Lesezeit":"3\u00a0Minuten"},"schema":{"@context":"https:\/\/schema.org","@graph":[{"@type":"Article","@id":"https:\/\/www.vallecamping.se\/de\/fruehstueck\/#article","isPartOf":{"@id":"https:\/\/www.vallecamping.se\/de\/fruehstueck\/"},"author":{"name":"Fredrik Larsson","@id":"https:\/\/www.vallecamping.se\/de\/#\/schema\/person\/53b61d8a873ce1132f85395fb8a22aa0"},"headline":"Fr\u00fchst\u00fcck","datePublished":"2021-07-13T13:41:20+00:00","dateModified":"2024-07-08T11:47:57+00:00","mainEntityOfPage":{"@id":"https:\/\/www.vallecamping.se\/de\/fruehstueck\/"},"wordCount":525,"publisher":{"@id":"https:\/\/www.vallecamping.se\/de\/#organization"},"image":{"@id":"https:\/\/www.vallecamping.se\/de\/fruehstueck\/#primaryimage"},"thumbnailUrl":"https:\/\/www.vallecamping.se\/wp-content\/uploads\/2021\/07\/Frukosterbjudande.jpg","articleSection":["Angebote"],"inLanguage":"de"},{"@type":"WebPage","@id":"https:\/\/www.vallecamping.se\/de\/fruehstueck\/","url":"https:\/\/www.vallecamping.se\/de\/fruehstueck\/","name":"Fr\u00fchst\u00fcck - Valle Camping AB","isPartOf":{"@id":"https:\/\/www.vallecamping.se\/de\/#website"},"primaryImageOfPage":{"@id":"https:\/\/www.vallecamping.se\/de\/fruehstueck\/#primaryimage"},"image":{"@id":"https:\/\/www.vallecamping.se\/de\/fruehstueck\/#primaryimage"},"thumbnailUrl":"https:\/\/www.vallecamping.se\/wp-content\/uploads\/2021\/07\/Frukosterbjudande.jpg","datePublished":"2021-07-13T13:41:20+00:00","dateModified":"2024-07-08T11:47:57+00:00","description":"Jetzt k\u00f6nnen Sie w\u00e4hrend Ihres Aufenthalts im Valle Camping Fr\u00fchst\u00fcck bestellen. Ihr Fr\u00fchst\u00fcck bestellen Sie \u00fcber unsere Website.","breadcrumb":{"@id":"https:\/\/www.vallecamping.se\/de\/fruehstueck\/#breadcrumb"},"inLanguage":"de","potentialAction":[{"@type":"ReadAction","target":["https:\/\/www.vallecamping.se\/de\/fruehstueck\/"]}]},{"@type":"ImageObject","inLanguage":"de","@id":"https:\/\/www.vallecamping.se\/de\/fruehstueck\/#primaryimage","url":"https:\/\/www.vallecamping.se\/wp-content\/uploads\/2021\/07\/Frukosterbjudande.jpg","contentUrl":"https:\/\/www.vallecamping.se\/wp-content\/uploads\/2021\/07\/Frukosterbjudande.jpg","width":1920,"height":1080,"caption":"En god och fr\u00e4sch start p\u00e5 dagen \u2013 frukost som kan avnjutas vid boendet p\u00e5 Valle Camping i Vallebygden"},{"@type":"BreadcrumbList","@id":"https:\/\/www.vallecamping.se\/de\/fruehstueck\/#breadcrumb","itemListElement":[{"@type":"ListItem","position":1,"name":"Hem","item":"https:\/\/www.vallecamping.se\/de\/"},{"@type":"ListItem","position":2,"name":"Fr\u00fchst\u00fcck"}]},{"@type":"WebSite","@id":"https:\/\/www.vallecamping.se\/de\/#website","url":"https:\/\/www.vallecamping.se\/de\/","name":"Valle Camping AB","description":"Valle Camping - Stugor, camping, st\u00e4llplatser och vandrarhem vid sj\u00f6 i vackra Valle n\u00e4ra Skara sommarland, Hornborgasj\u00f6n, Varnhems klosterkyrka, Kata g\u00e5rd med mera","publisher":{"@id":"https:\/\/www.vallecamping.se\/de\/#organization"},"alternateName":"Valle camping","potentialAction":[{"@type":"SearchAction","target":{"@type":"EntryPoint","urlTemplate":"https:\/\/www.vallecamping.se\/de\/?s={search_term_string}"},"query-input":{"@type":"PropertyValueSpecification","valueRequired":true,"valueName":"search_term_string"}}],"inLanguage":"de"},{"@type":"Organization","@id":"https:\/\/www.vallecamping.se\/de\/#organization","name":"Valle camping AB","alternateName":"Valle camping","url":"https:\/\/www.vallecamping.se\/de\/","logo":{"@type":"ImageObject","inLanguage":"de","@id":"https:\/\/www.vallecamping.se\/de\/#\/schema\/logo\/image\/","url":"https:\/\/www.vallecamping.se\/wp-content\/uploads\/2023\/03\/Valle-Camping-Icon2303-1.png","contentUrl":"https:\/\/www.vallecamping.se\/wp-content\/uploads\/2023\/03\/Valle-Camping-Icon2303-1.png","width":500,"height":496,"caption":"Valle camping AB"},"image":{"@id":"https:\/\/www.vallecamping.se\/de\/#\/schema\/logo\/image\/"},"sameAs":["https:\/\/www.facebook.com\/vallecamping","https:\/\/www.instagram.com\/vallecampingstugor\/","https:\/\/www.youtube.com\/channel\/UCoJUm2JGJm1kc46V1JnI47Q"]},{"@type":"Person","@id":"https:\/\/www.vallecamping.se\/de\/#\/schema\/person\/53b61d8a873ce1132f85395fb8a22aa0","name":"Fredrik Larsson"}]}},"_links":{"self":[{"href":"https:\/\/www.vallecamping.se\/de\/wp-json\/wp\/v2\/posts\/13643","targetHints":{"allow":["GET"]}}],"collection":[{"href":"https:\/\/www.vallecamping.se\/de\/wp-json\/wp\/v2\/posts"}],"about":[{"href":"https:\/\/www.vallecamping.se\/de\/wp-json\/wp\/v2\/types\/post"}],"author":[{"embeddable":true,"href":"https:\/\/www.vallecamping.se\/de\/wp-json\/wp\/v2\/users\/2"}],"replies":[{"embeddable":true,"href":"https:\/\/www.vallecamping.se\/de\/wp-json\/wp\/v2\/comments?post=13643"}],"version-history":[{"count":4,"href":"https:\/\/www.vallecamping.se\/de\/wp-json\/wp\/v2\/posts\/13643\/revisions"}],"predecessor-version":[{"id":13654,"href":"https:\/\/www.vallecamping.se\/de\/wp-json\/wp\/v2\/posts\/13643\/revisions\/13654"}],"wp:featuredmedia":[{"embeddable":true,"href":"https:\/\/www.vallecamping.se\/de\/wp-json\/wp\/v2\/media\/13644"}],"wp:attachment":[{"href":"https:\/\/www.vallecamping.se\/de\/wp-json\/wp\/v2\/media?parent=13643"}],"wp:term":[{"taxonomy":"category","embeddable":true,"href":"https:\/\/www.vallecamping.se\/de\/wp-json\/wp\/v2\/categories?post=13643"},{"taxonomy":"post_tag","embeddable":true,"href":"https:\/\/www.vallecamping.se\/de\/wp-json\/wp\/v2\/tags?post=13643"}],"curies":[{"name":"wp","href":"https:\/\/api.w.org\/{rel}","templated":true}]}}