{"id":12787,"date":"2021-06-29T08:46:00","date_gmt":"2021-06-29T08:46:00","guid":{"rendered":"https:\/\/www.vallecamping.se\/saunieren\/"},"modified":"2025-06-01T18:17:26","modified_gmt":"2025-06-01T18:17:26","slug":"saunieren","status":"publish","type":"post","link":"https:\/\/www.vallecamping.se\/de\/saunieren\/","title":{"rendered":"Saunieren"},"content":{"rendered":"<p>[et_pb_section fb_built=&#8220;1&#8243; _builder_version=&#8220;4.16&#8243; _module_preset=&#8220;default&#8220; background_color=&#8220;rgba(0,0,0,0)&#8220; custom_margin=&#8220;-34px|||||&#8220; custom_padding=&#8220;16px|||||&#8220; global_colors_info=&#8220;{}&#8220; theme_builder_area=&#8220;post_content&#8220; da_is_popup=&#8220;off&#8220; da_exit_intent=&#8220;off&#8220; da_has_close=&#8220;on&#8220; da_alt_close=&#8220;off&#8220; da_dark_close=&#8220;off&#8220; da_not_modal=&#8220;on&#8220; da_is_singular=&#8220;off&#8220; da_with_loader=&#8220;off&#8220; da_has_shadow=&#8220;on&#8220; da_disable_devices=&#8220;off|off|off&#8220;][et_pb_row column_structure=&#8220;2_3,1_3&#8243; use_custom_gutter=&#8220;on&#8220; gutter_width=&#8220;2&#8243; _builder_version=&#8220;4.16&#8243; _module_preset=&#8220;default&#8220; width=&#8220;100%&#8220; max_width=&#8220;1280px&#8220; custom_margin=&#8220;16px|auto||auto|false|false&#8220; custom_padding=&#8220;8px|||||&#8220; global_colors_info=&#8220;{}&#8220; theme_builder_area=&#8220;post_content&#8220;][et_pb_column type=&#8220;2_3&#8243; _builder_version=&#8220;4.16&#8243; _module_preset=&#8220;default&#8220; global_colors_info=&#8220;{}&#8220; theme_builder_area=&#8220;post_content&#8220;][et_pb_text _builder_version=&#8220;4.27.4&#8243; _module_preset=&#8220;default&#8220; header_2_font=&#8220;|600||on|||||&#8220; header_2_text_color=&#8220;#004890&#8243; header_2_font_size=&#8220;19px&#8220; header_3_font=&#8220;|700|||||||&#8220; header_3_text_color=&#8220;#004890&#8243; header_3_font_size=&#8220;15px&#8220; background_color=&#8220;rgba(255,255,255,0.94)&#8220; custom_margin=&#8220;||2px|||&#8220; custom_padding=&#8220;10px|10px|9px|10px|false|false&#8220; hover_enabled=&#8220;0&#8243; border_radii=&#8220;off|9px|9px||&#8220; global_colors_info=&#8220;{}&#8220; theme_builder_area=&#8220;post_content&#8220; sticky_enabled=&#8220;0&#8243; content_last_edited=&#8220;off|phone&#8220;]<\/p>\n<p>Valle Camping befindet sich am Husg\u00e4rdessj\u00f6n im sch\u00f6nen Vallebygden. Am Ende eines der Stege finden Sie unsere holzbeheizte Sauna. Vom Steg aus k\u00f6nnen Sie direkt in den See springen. Unabh\u00e4ngig vom Wetter ist ein Saunabad mit anschlie\u00dfendem Bad eine herrlich entspannende Erfahrung.   <\/p>\n<p>Als Gast in unseren H\u00fctten, Herbergen oder Campingpl\u00e4tzen k\u00f6nnen Sie die Sauna zu einem erm\u00e4\u00dfigten Preis mieten. Aber auch Personen, die nicht bei uns \u00fcbernachten, haben die M\u00f6glichkeit, die Sauna f\u00fcr ein entspannendes Saunabad das ganze Jahr \u00fcber zu mieten. <\/p>\n<h2>Wie bucht man die Sauna?<\/h2>\n<p>Die Buchung erfolgt telefonisch unter 0511-621 09, per E-Mail oder \u00fcber die Rezeption.<\/p>\n<p>Wenn Sie nicht bei uns \u00fcbernachten, m\u00fcssen Sie uns mindestens 7 Tage im Voraus kontaktieren, um die Verf\u00fcgbarkeit zu \u00fcberpr\u00fcfen und Ihre Buchung vorzunehmen.<\/p>\n<p>[\/et_pb_text][et_pb_text module_id=&#8220;hur-lange&#8220; _builder_version=&#8220;4.27.4&#8243; _module_preset=&#8220;default&#8220; header_2_font=&#8220;|600||on|||||&#8220; header_2_text_color=&#8220;#004890&#8243; header_2_font_size=&#8220;19px&#8220; header_3_font=&#8220;|700|||||||&#8220; header_3_text_color=&#8220;#004890&#8243; header_3_font_size=&#8220;15px&#8220; background_color=&#8220;rgba(255,255,255,0.94)&#8220; custom_margin=&#8220;-8px||0px||false|false&#8220; custom_padding=&#8220;15px|10px|0px|10px|false|false&#8220; hover_enabled=&#8220;0&#8243; global_colors_info=&#8220;{}&#8220; theme_builder_area=&#8220;post_content&#8220; sticky_enabled=&#8220;0&#8243; content_last_edited=&#8220;off|desktop&#8220;]<\/p>\n<h2>Wie lange kann man saunieren?<\/h2>\n<p>Da die Sauna mit Holz beheizt wird, h\u00e4ngt die Zeit, die Sie die Sauna mieten k\u00f6nnen, davon ab, ob sie von jemand anderem vor Ihnen benutzt wurde. Das bedeutet, ob sie aufgew\u00e4rmt ist oder nicht. <\/p>\n<p>Die Buchung und die Preise gelten daher f\u00fcr 3 Stunden Saunieren in einer nicht aufgew\u00e4rmten Sauna und f\u00fcr 2 Stunden Saunieren, wenn die Sauna bereits aufgew\u00e4rmt ist.<\/p>\n<p>Sie entfachen das Feuer selbst und es dauert etwa 30-40 Minuten, um die Sauna je nach gew\u00fcnschter Temperatur aufzuheizen.<\/p>\n<p>Sie reservieren also eine Zeit, zu der Sie baden m\u00f6chten, und ab diesem Zeitpunkt k\u00f6nnen Sie entweder 2 oder 3 Stunden Zugang zur Sauna erhalten.<\/p>\n<p>[\/et_pb_text][et_pb_text content_last_edited=&#8220;off|desktop&#8220; _builder_version=&#8220;4.27.4&#8243; _module_preset=&#8220;default&#8220; header_2_font=&#8220;|600||on|||||&#8220; header_2_text_color=&#8220;#004890&#8243; header_2_font_size=&#8220;19px&#8220; header_3_font=&#8220;|600|||||||&#8220; header_3_text_color=&#8220;#004890&#8243; header_3_font_size=&#8220;15px&#8220; background_color=&#8220;rgba(255,255,255,0.94)&#8220; custom_margin=&#8220;||-8px|||&#8220; custom_padding=&#8220;10px|10px|40px|10px|false|false&#8220; hover_enabled=&#8220;0&#8243; global_colors_info=&#8220;{}&#8220; theme_builder_area=&#8220;post_content&#8220; sticky_enabled=&#8220;0&#8243;]<\/p>\n<h2>Wie viele Personen k\u00f6nnen dabei sein?<\/h2>\n<p>Die Sauna verf\u00fcgt \u00fcber B\u00e4nke auf zwei Ebenen und bietet Platz f\u00fcr 6-8 Personen.<\/p>\n<h2>Wie viel kostet es?<\/h2>\n<h3>F\u00fcr G\u00e4ste, die auf dem Valle Campingplatz \u00fcbernachten<\/h3>\n<p>F\u00fcr G\u00e4ste, die auf dem Valle Campingplatz \u00fcbernachten, betr\u00e4gt der Preis f\u00fcr die Saunamiete w\u00e4hrend Ihres Aufenthalts bei uns, sofern nicht anders angegeben, <strong>300 SEK<\/strong> f\u00fcr 2-3 Stunden Sauna (siehe, <a href=\"#hur-lange\">Wie lange kann man saunieren?<\/a>). In diesem Preis ist die Saunanutzung f\u00fcr <strong>bis zu 4 Personen enthalten.<\/strong><\/p>\n<p>Wenn Sie mehr als 4 Personen sind, wird eine Geb\u00fchr von <strong>75 SEK<\/strong> pro zus\u00e4tzlicher Person erhoben. (Kinder unter 13 Jahren d\u00fcrfen in Begleitung eines Erwachsenen ohne zus\u00e4tzliche Kosten teilnehmen). <\/p>\n<p>F\u00fcr Personen, die ein <a href=\"https:\/\/www.vallecamping.se\/de\/gruppen\/\">Gruppenunterkunftspaket<\/a> oder \u00e4hnliches gebucht haben, bei dem eine Saunanutzung enthalten ist, gelten separate Bedingungen. Bitte beachten Sie die spezifischen Bedingungen im Zusammenhang mit dem jeweiligen Angebot.<\/p>\n<h3>F\u00fcr Personen, die nicht auf dem Valle Campingplatz \u00fcbernachten:<\/h3>\n<p>F\u00fcr diejenigen, die nicht bei uns \u00fcbernachten, aber die Sauna mieten m\u00f6chten, betr\u00e4gt der Preis <strong>600 SEK<\/strong> f\u00fcr 2-3 Stunden Sauna (siehe, <a href=\"#hur-lange\">Wie lange kann man saunieren<\/a>?) In diesem Preis ist die Saunanutzung f\u00fcr <strong>bis zu 4 Personen enthalten.<\/strong><\/p>\n<p>Wenn Sie mehr als 4 Personen sind, fallen zus\u00e4tzliche Kosten von <strong>75 SEK<\/strong> pro Person f\u00fcr jede zus\u00e4tzliche Person \u00fcber 12 Jahren an. (Kinder unter 13 Jahren d\u00fcrfen kostenlos in Begleitung eines Erziehungsberechtigten teilnehmen). <\/p>\n<h3>Praktische Informationen<\/h3>\n<p>Holz f\u00fcr die Beheizung der Sauna ist inklusive. Dusche und Toilette sind w\u00e4hrend der regul\u00e4ren Camping-Saison im Servicegeb\u00e4ude, das sich etwa 100 Meter von der Sauna entfernt befindet, verf\u00fcgbar. Au\u00dferhalb der Saison k\u00f6nnen wir leider keine Duschm\u00f6glichkeiten anbieten.  <\/p>\n<p>Sie k\u00f6nnen sich auch bei uns erkundigen, ob es m\u00f6glich ist, das <a href=\"https:\/\/www.vallecamping.se\/strandstugan\/\">Strandhaus<\/a> mit Innen- oder \u00fcberdachten Sitzpl\u00e4tzen auszuleihen, um das Saunaerlebnis m\u00f6glicherweise mit einer Mahlzeit vor Ort zu kombinieren.<\/p>\n<h2>WIE BEZAHLT MAN?<\/h2>\n<p><a href=\"https:\/\/www.vallecamping.se\/swish-andra-betalningssatt\/\">Die Bezahlung<\/a> kann bar, per Swish oder per Kartenzahlung (VISA und Mastercard) erfolgen und muss sp\u00e4testens beim Abholen des Schl\u00fcssels erfolgen.<\/p>\n<p>[\/et_pb_text][et_pb_text _builder_version=&#8220;4.21.0&#8243; _module_preset=&#8220;default&#8220; header_2_font=&#8220;|600||on|||||&#8220; header_2_text_color=&#8220;#004890&#8243; header_2_font_size=&#8220;19px&#8220; header_3_font=&#8220;|700|||||||&#8220; header_3_text_color=&#8220;#004890&#8243; header_3_font_size=&#8220;15px&#8220; background_color=&#8220;rgba(255,255,255,0.94)&#8220; custom_padding=&#8220;20px|20px|20px|20px|true|true&#8220; border_radii=&#8220;off|||7px|7px&#8220; global_colors_info=&#8220;{}&#8220; theme_builder_area=&#8220;post_content&#8220;]<\/p>\n<h2>Was sind die Regeln f\u00fcr die Saunavermietung?<\/h2>\n<p>Die Person, die die Sauna mietet, ist daf\u00fcr verantwortlich, dass alle im Unternehmen die Regeln einhalten.<\/p>\n<ul>\n<li>Der Schl\u00fcssel wird in der Rezeption abgeholt und zur\u00fcckgegeben, sofern keine andere Vereinbarung getroffen wurde.<\/li>\n<li>Holz wird an einem ausgewiesenen Ort bereitgestellt, und das Anz\u00fcnden erfolgt eigenst\u00e4ndig. Wir geben gerne Tipps, wie Sie die W\u00e4rme schnell erh\u00f6hen k\u00f6nnen. <\/li>\n<li>Aller Saunabesuch und Baden erfolgt auf eigene Gefahr. Bitte beachten Sie, dass Steg und Boden nass und rutschig werden k\u00f6nnen, also seien Sie vorsichtig. <\/li>\n<li>Andere G\u00e4ste haben ebenfalls Zugang zum Badesteg, aber die Sauna ist exklusiv f\u00fcr Sie reserviert.<\/li>\n<li>Der Saunaofen wird sehr hei\u00df. Wenn Sie Holz nachlegen m\u00fcssen, \u00f6ffnen Sie die T\u00fcr mit einem Holzst\u00fcck oder \u00e4hnlichem, um sich nicht zu verbrennen. <\/li>\n<li>Nach dem Saunieren muss die Sauna gereinigt werden, sodass sie genauso aussieht wie beim Betreten. Alle Abf\u00e4lle m\u00fcssen mitgenommen und an der daf\u00fcr vorgesehenen Stelle beim Servicegeb\u00e4ude entsorgt werden.<\/li>\n<li>Die Sauna sollte nach dem Saunieren abgeschlossen und der Schl\u00fcssel an der Rezeption zur\u00fcckgegeben werden.<\/li>\n<\/ul>\n<p>Willkommen!<\/p>\n<p>0511-62109 &#8211; <a href=\"mailto:info@vallecamping.se\">info@vallecamping.se<\/a> &#8211; <a href=\"https:\/\/www.vallecamping.se\/de\/kontakt\/\">Finde Valle Camping<\/a><\/p>\n<p>[\/et_pb_text][\/et_pb_column][et_pb_column type=&#8220;1_3&#8243; _builder_version=&#8220;4.16&#8243; _module_preset=&#8220;default&#8220; global_colors_info=&#8220;{}&#8220; theme_builder_area=&#8220;post_content&#8220;][et_pb_image src=&#8220;https:\/\/www.vallecamping.se\/wp-content\/uploads\/2021\/07\/Bastubryggan-hang-valle-camping.jpg&#8220; alt=&#8220;Angenehme Zeit auf der Saunabr\u00fccke&#8220; title_text=&#8220;Valle Camping&#8220; _builder_version=&#8220;4.16&#8243; _module_preset=&#8220;default&#8220; border_radii=&#8220;on|10px|10px|10px|10px&#8220; global_colors_info=&#8220;{}&#8220; theme_builder_area=&#8220;post_content&#8220;][\/et_pb_image][et_pb_image src=&#8220;https:\/\/www.vallecamping.se\/wp-content\/uploads\/2021\/07\/vi_tar_swish-scaled.jpg&#8220; alt=&#8220;Die Sauna am Ende des Stegs.&#8220; title_text=&#8220;vi_tar_swish&#8220; _builder_version=&#8220;4.16&#8243; _module_preset=&#8220;default&#8220; border_radii=&#8220;on|10px|10px|10px|10px&#8220; global_colors_info=&#8220;{}&#8220; theme_builder_area=&#8220;post_content&#8220;][\/et_pb_image][et_pb_image src=&#8220;https:\/\/www.vallecamping.se\/wp-content\/uploads\/2021\/05\/bastun_hoppa_i_fran_bryggan.jpg&#8220; alt=&#8220;Saunieren&#8220; title_text=&#8220;Valle Camping&#8220; _builder_version=&#8220;4.16&#8243; _module_preset=&#8220;default&#8220; border_radii=&#8220;on|7px|7px|7px|7px&#8220; global_colors_info=&#8220;{}&#8220; theme_builder_area=&#8220;post_content&#8220;][\/et_pb_image][et_pb_image src=&#8220;https:\/\/www.vallecamping.se\/wp-content\/uploads\/2020\/11\/Valle-Camping-Logo-f3.png&#8220; title_text=&#8220;Valle-Camping-Logo-f3&#8243; _builder_version=&#8220;4.16&#8243; _module_preset=&#8220;default&#8220; custom_margin=&#8220;-172px|-39px||71px|false|false&#8220; custom_padding=&#8220;0px|||||&#8220; border_radii=&#8220;on|10px|10px|10px|10px&#8220; global_colors_info=&#8220;{}&#8220; theme_builder_area=&#8220;post_content&#8220;][\/et_pb_image][\/et_pb_column][\/et_pb_row][et_pb_row use_custom_gutter=&#8220;on&#8220; gutter_width=&#8220;2&#8243; make_equal=&#8220;on&#8220; _builder_version=&#8220;4.19.4&#8243; _module_preset=&#8220;default&#8220; background_color=&#8220;rgba(0,0,0,0)&#8220; width=&#8220;100%&#8220; max_width=&#8220;1280px&#8220; min_height=&#8220;504px&#8220; custom_margin=&#8220;-200px|auto||auto|false|false&#8220; custom_margin_tablet=&#8220;&#8220; custom_margin_phone=&#8220;-120px|auto||auto|false|false&#8220; custom_margin_last_edited=&#8220;on|phone&#8220; custom_padding=&#8220;13px|20px||20px|false|true&#8220; global_colors_info=&#8220;{}&#8220; theme_builder_area=&#8220;post_content&#8220;][et_pb_column type=&#8220;4_4&#8243; _builder_version=&#8220;4.16&#8243; _module_preset=&#8220;default&#8220; background_color=&#8220;rgba(0,0,0,0)&#8220; global_colors_info=&#8220;{}&#8220; theme_builder_area=&#8220;post_content&#8220;][et_pb_text _builder_version=&#8220;4.16&#8243; _module_preset=&#8220;default&#8220; header_2_font=&#8220;|600||on|||||&#8220; header_2_text_color=&#8220;#004890&#8243; header_3_font=&#8220;|700|||||||&#8220; header_3_text_color=&#8220;#004890&#8243; header_3_font_size=&#8220;15px&#8220; background_enable_color=&#8220;off&#8220; custom_margin=&#8220;||8px|||&#8220; custom_padding=&#8220;0px|10px|0px|0px|true|false&#8220; border_radii=&#8220;off|9px|9px||&#8220; global_colors_info=&#8220;{}&#8220; theme_builder_area=&#8220;post_content&#8220;]<\/p>\n<h2>WISSENSWERTES<\/h2>\n<p>[\/et_pb_text][et_pb_blog fullwidth=&#8220;off&#8220; posts_number=&#8220;12&#8243; include_categories=&#8220;52&#8243; excerpt_length=&#8220;75&#8243; show_more=&#8220;on&#8220; show_author=&#8220;off&#8220; show_date=&#8220;off&#8220; show_categories=&#8220;off&#8220; _builder_version=&#8220;4.16&#8243; _module_preset=&#8220;default&#8220; header_font=&#8220;|700||on|||||&#8220; header_text_color=&#8220;#004890&#8243; header_font_size=&#8220;20px&#8220; header_line_height=&#8220;1.3em&#8220; read_more_font=&#8220;|700||on|||||&#8220; read_more_text_color=&#8220;#004890&#8243; background_color=&#8220;rgba(0,0,0,0)&#8220; custom_padding=&#8220;0px|0px||0px|false|false&#8220; custom_css_read_more=&#8220;color: #e09900;||display: block;||text-align:center;||margin-top: 10px;||border: 1px solid #ccc;||padding: 5px;||text-transform: capitalize;||letter-spacing: 1px;&#8220; border_radii=&#8220;on|12px|12px|12px|12px&#8220; box_shadow_style=&#8220;preset3&#8243; global_colors_info=&#8220;{}&#8220; theme_builder_area=&#8220;post_content&#8220;][\/et_pb_blog][\/et_pb_column][\/et_pb_row][\/et_pb_section]<\/p>\n","protected":false},"excerpt":{"rendered":"<p>Valle Camping befindet sich am Husg\u00e4rdessj\u00f6n im sch\u00f6nen Vallebygden. Am Ende eines der Stege finden Sie unsere holzbeheizte Sauna. Vom Steg aus k\u00f6nnen Sie direkt in den See springen. Unabh\u00e4ngig vom Wetter ist ein Saunabad mit anschlie\u00dfendem Bad eine herrlich entspannende Erfahrung. Als Gast in unseren H\u00fctten, Herbergen oder Campingpl\u00e4tzen k\u00f6nnen Sie die Sauna zu [&hellip;]<\/p>\n","protected":false},"author":1,"featured_media":12788,"comment_status":"closed","ping_status":"open","sticky":false,"template":"","format":"standard","meta":{"_et_pb_use_builder":"on","_et_pb_old_content":"","_et_gb_content_width":"","footnotes":""},"categories":[161,162],"tags":[],"class_list":["post-12787","post","type-post","status-publish","format-standard","has-post-thumbnail","hentry","category-aktivitaten-beim-camping","category-aktuell"],"yoast_head":"<!-- This site is optimized with the Yoast SEO plugin v27.5 - https:\/\/yoast.com\/product\/yoast-seo-wordpress\/ -->\n<title>Saunieren - Valle Camping AB Holzbeheizte Sauna am Steg<\/title>\n<meta name=\"description\" content=\"Auf dem Valle Campingplatz k\u00f6nnen Sie in der holzbeheizten Sauna am Steg baden. G\u00e4ste des Campingplatzes k\u00f6nnen die Sauna zu einem reduzierten Preis mieten.\" \/>\n<meta name=\"robots\" content=\"index, follow, max-snippet:-1, max-image-preview:large, max-video-preview:-1\" \/>\n<link rel=\"canonical\" href=\"https:\/\/www.vallecamping.se\/de\/saunieren\/\" \/>\n<meta property=\"og:locale\" content=\"de_DE\" \/>\n<meta property=\"og:type\" content=\"article\" \/>\n<meta property=\"og:title\" content=\"Saunieren - Valle Camping AB Holzbeheizte Sauna am Steg\" \/>\n<meta property=\"og:description\" content=\"Auf dem Valle Campingplatz k\u00f6nnen Sie in der holzbeheizten Sauna am Steg baden. G\u00e4ste des Campingplatzes k\u00f6nnen die Sauna zu einem reduzierten Preis mieten.\" \/>\n<meta property=\"og:url\" content=\"https:\/\/www.vallecamping.se\/de\/saunieren\/\" \/>\n<meta property=\"og:site_name\" content=\"Valle Camping AB\" \/>\n<meta property=\"article:publisher\" content=\"https:\/\/www.facebook.com\/vallecamping\" \/>\n<meta property=\"article:published_time\" content=\"2021-06-29T08:46:00+00:00\" \/>\n<meta property=\"article:modified_time\" content=\"2025-06-01T18:17:26+00:00\" \/>\n<meta property=\"og:image\" content=\"https:\/\/www.vallecamping.se\/wp-content\/uploads\/2021\/05\/bastu-jpg.webp\" \/>\n\t<meta property=\"og:image:width\" content=\"1280\" \/>\n\t<meta property=\"og:image:height\" content=\"850\" \/>\n\t<meta property=\"og:image:type\" content=\"image\/jpeg\" \/>\n<meta name=\"author\" content=\"Fredrik\" \/>\n<meta name=\"twitter:card\" content=\"summary_large_image\" \/>\n<meta name=\"twitter:label1\" content=\"Verfasst von\" \/>\n\t<meta name=\"twitter:data1\" content=\"Fredrik\" \/>\n\t<meta name=\"twitter:label2\" content=\"Gesch\u00e4tzte Lesezeit\" \/>\n\t<meta name=\"twitter:data2\" content=\"8\u00a0Minuten\" \/>\n<script type=\"application\/ld+json\" class=\"yoast-schema-graph\">{\"@context\":\"https:\\\/\\\/schema.org\",\"@graph\":[{\"@type\":\"Article\",\"@id\":\"https:\\\/\\\/www.vallecamping.se\\\/de\\\/saunieren\\\/#article\",\"isPartOf\":{\"@id\":\"https:\\\/\\\/www.vallecamping.se\\\/de\\\/saunieren\\\/\"},\"author\":{\"name\":\"Fredrik\",\"@id\":\"https:\\\/\\\/www.vallecamping.se\\\/de\\\/#\\\/schema\\\/person\\\/451d1fc4dc0ce2f707270822b00e47a4\"},\"headline\":\"Saunieren\",\"datePublished\":\"2021-06-29T08:46:00+00:00\",\"dateModified\":\"2025-06-01T18:17:26+00:00\",\"mainEntityOfPage\":{\"@id\":\"https:\\\/\\\/www.vallecamping.se\\\/de\\\/saunieren\\\/\"},\"wordCount\":1646,\"publisher\":{\"@id\":\"https:\\\/\\\/www.vallecamping.se\\\/de\\\/#organization\"},\"image\":{\"@id\":\"https:\\\/\\\/www.vallecamping.se\\\/de\\\/saunieren\\\/#primaryimage\"},\"thumbnailUrl\":\"https:\\\/\\\/www.vallecamping.se\\\/wp-content\\\/uploads\\\/2021\\\/05\\\/bastu-jpg.webp\",\"articleSection\":[\"Aktivit\u00e4ten beim Camping\",\"Aktuell\"],\"inLanguage\":\"de\"},{\"@type\":\"WebPage\",\"@id\":\"https:\\\/\\\/www.vallecamping.se\\\/de\\\/saunieren\\\/\",\"url\":\"https:\\\/\\\/www.vallecamping.se\\\/de\\\/saunieren\\\/\",\"name\":\"Saunieren - Valle Camping AB Holzbeheizte Sauna am Steg\",\"isPartOf\":{\"@id\":\"https:\\\/\\\/www.vallecamping.se\\\/de\\\/#website\"},\"primaryImageOfPage\":{\"@id\":\"https:\\\/\\\/www.vallecamping.se\\\/de\\\/saunieren\\\/#primaryimage\"},\"image\":{\"@id\":\"https:\\\/\\\/www.vallecamping.se\\\/de\\\/saunieren\\\/#primaryimage\"},\"thumbnailUrl\":\"https:\\\/\\\/www.vallecamping.se\\\/wp-content\\\/uploads\\\/2021\\\/05\\\/bastu-jpg.webp\",\"datePublished\":\"2021-06-29T08:46:00+00:00\",\"dateModified\":\"2025-06-01T18:17:26+00:00\",\"description\":\"Auf dem Valle Campingplatz k\u00f6nnen Sie in der holzbeheizten Sauna am Steg baden. G\u00e4ste des Campingplatzes k\u00f6nnen die Sauna zu einem reduzierten Preis mieten.\",\"breadcrumb\":{\"@id\":\"https:\\\/\\\/www.vallecamping.se\\\/de\\\/saunieren\\\/#breadcrumb\"},\"inLanguage\":\"de\",\"potentialAction\":[{\"@type\":\"ReadAction\",\"target\":[\"https:\\\/\\\/www.vallecamping.se\\\/de\\\/saunieren\\\/\"]}]},{\"@type\":\"ImageObject\",\"inLanguage\":\"de\",\"@id\":\"https:\\\/\\\/www.vallecamping.se\\\/de\\\/saunieren\\\/#primaryimage\",\"url\":\"https:\\\/\\\/www.vallecamping.se\\\/wp-content\\\/uploads\\\/2021\\\/05\\\/bastu-jpg.webp\",\"contentUrl\":\"https:\\\/\\\/www.vallecamping.se\\\/wp-content\\\/uploads\\\/2021\\\/05\\\/bastu-jpg.webp\",\"width\":1280,\"height\":850,\"caption\":\"Valle Camping ligger vid Husg\u00e4rdessj\u00f6n\"},{\"@type\":\"BreadcrumbList\",\"@id\":\"https:\\\/\\\/www.vallecamping.se\\\/de\\\/saunieren\\\/#breadcrumb\",\"itemListElement\":[{\"@type\":\"ListItem\",\"position\":1,\"name\":\"Hem\",\"item\":\"https:\\\/\\\/www.vallecamping.se\\\/de\\\/\"},{\"@type\":\"ListItem\",\"position\":2,\"name\":\"Saunieren\"}]},{\"@type\":\"WebSite\",\"@id\":\"https:\\\/\\\/www.vallecamping.se\\\/de\\\/#website\",\"url\":\"https:\\\/\\\/www.vallecamping.se\\\/de\\\/\",\"name\":\"Valle Camping AB\",\"description\":\"Valle Camping - Stugor, camping, st\u00e4llplatser och vandrarhem vid sj\u00f6 i vackra Valle n\u00e4ra Skara sommarland, Hornborgasj\u00f6n, Varnhems klosterkyrka, Kata g\u00e5rd med mera\",\"publisher\":{\"@id\":\"https:\\\/\\\/www.vallecamping.se\\\/de\\\/#organization\"},\"alternateName\":\"Valle camping\",\"potentialAction\":[{\"@type\":\"SearchAction\",\"target\":{\"@type\":\"EntryPoint\",\"urlTemplate\":\"https:\\\/\\\/www.vallecamping.se\\\/de\\\/?s={search_term_string}\"},\"query-input\":{\"@type\":\"PropertyValueSpecification\",\"valueRequired\":true,\"valueName\":\"search_term_string\"}}],\"inLanguage\":\"de\"},{\"@type\":\"Organization\",\"@id\":\"https:\\\/\\\/www.vallecamping.se\\\/de\\\/#organization\",\"name\":\"Valle camping AB\",\"alternateName\":\"Valle camping\",\"url\":\"https:\\\/\\\/www.vallecamping.se\\\/de\\\/\",\"logo\":{\"@type\":\"ImageObject\",\"inLanguage\":\"de\",\"@id\":\"https:\\\/\\\/www.vallecamping.se\\\/de\\\/#\\\/schema\\\/logo\\\/image\\\/\",\"url\":\"https:\\\/\\\/www.vallecamping.se\\\/wp-content\\\/uploads\\\/2023\\\/03\\\/Valle-Camping-Icon2303-1.png\",\"contentUrl\":\"https:\\\/\\\/www.vallecamping.se\\\/wp-content\\\/uploads\\\/2023\\\/03\\\/Valle-Camping-Icon2303-1.png\",\"width\":500,\"height\":496,\"caption\":\"Valle camping AB\"},\"image\":{\"@id\":\"https:\\\/\\\/www.vallecamping.se\\\/de\\\/#\\\/schema\\\/logo\\\/image\\\/\"},\"sameAs\":[\"https:\\\/\\\/www.facebook.com\\\/vallecamping\",\"https:\\\/\\\/www.instagram.com\\\/vallecampingstugor\\\/\",\"https:\\\/\\\/www.youtube.com\\\/channel\\\/UCoJUm2JGJm1kc46V1JnI47Q\"]},{\"@type\":\"Person\",\"@id\":\"https:\\\/\\\/www.vallecamping.se\\\/de\\\/#\\\/schema\\\/person\\\/451d1fc4dc0ce2f707270822b00e47a4\",\"name\":\"Fredrik\",\"sameAs\":[\"https:\\\/\\\/www.vallecamping.se\"]}]}<\/script>\n<!-- \/ Yoast SEO plugin. -->","yoast_head_json":{"title":"Saunieren - Valle Camping AB Holzbeheizte Sauna am Steg","description":"Auf dem Valle Campingplatz k\u00f6nnen Sie in der holzbeheizten Sauna am Steg baden. G\u00e4ste des Campingplatzes k\u00f6nnen die Sauna zu einem reduzierten Preis mieten.","robots":{"index":"index","follow":"follow","max-snippet":"max-snippet:-1","max-image-preview":"max-image-preview:large","max-video-preview":"max-video-preview:-1"},"canonical":"https:\/\/www.vallecamping.se\/de\/saunieren\/","og_locale":"de_DE","og_type":"article","og_title":"Saunieren - Valle Camping AB Holzbeheizte Sauna am Steg","og_description":"Auf dem Valle Campingplatz k\u00f6nnen Sie in der holzbeheizten Sauna am Steg baden. G\u00e4ste des Campingplatzes k\u00f6nnen die Sauna zu einem reduzierten Preis mieten.","og_url":"https:\/\/www.vallecamping.se\/de\/saunieren\/","og_site_name":"Valle Camping AB","article_publisher":"https:\/\/www.facebook.com\/vallecamping","article_published_time":"2021-06-29T08:46:00+00:00","article_modified_time":"2025-06-01T18:17:26+00:00","og_image":[{"width":1280,"height":850,"url":"https:\/\/www.vallecamping.se\/wp-content\/uploads\/2021\/05\/bastu-jpg.webp","type":"image\/jpeg"}],"author":"Fredrik","twitter_card":"summary_large_image","twitter_misc":{"Verfasst von":"Fredrik","Gesch\u00e4tzte Lesezeit":"8\u00a0Minuten"},"schema":{"@context":"https:\/\/schema.org","@graph":[{"@type":"Article","@id":"https:\/\/www.vallecamping.se\/de\/saunieren\/#article","isPartOf":{"@id":"https:\/\/www.vallecamping.se\/de\/saunieren\/"},"author":{"name":"Fredrik","@id":"https:\/\/www.vallecamping.se\/de\/#\/schema\/person\/451d1fc4dc0ce2f707270822b00e47a4"},"headline":"Saunieren","datePublished":"2021-06-29T08:46:00+00:00","dateModified":"2025-06-01T18:17:26+00:00","mainEntityOfPage":{"@id":"https:\/\/www.vallecamping.se\/de\/saunieren\/"},"wordCount":1646,"publisher":{"@id":"https:\/\/www.vallecamping.se\/de\/#organization"},"image":{"@id":"https:\/\/www.vallecamping.se\/de\/saunieren\/#primaryimage"},"thumbnailUrl":"https:\/\/www.vallecamping.se\/wp-content\/uploads\/2021\/05\/bastu-jpg.webp","articleSection":["Aktivit\u00e4ten beim Camping","Aktuell"],"inLanguage":"de"},{"@type":"WebPage","@id":"https:\/\/www.vallecamping.se\/de\/saunieren\/","url":"https:\/\/www.vallecamping.se\/de\/saunieren\/","name":"Saunieren - Valle Camping AB Holzbeheizte Sauna am Steg","isPartOf":{"@id":"https:\/\/www.vallecamping.se\/de\/#website"},"primaryImageOfPage":{"@id":"https:\/\/www.vallecamping.se\/de\/saunieren\/#primaryimage"},"image":{"@id":"https:\/\/www.vallecamping.se\/de\/saunieren\/#primaryimage"},"thumbnailUrl":"https:\/\/www.vallecamping.se\/wp-content\/uploads\/2021\/05\/bastu-jpg.webp","datePublished":"2021-06-29T08:46:00+00:00","dateModified":"2025-06-01T18:17:26+00:00","description":"Auf dem Valle Campingplatz k\u00f6nnen Sie in der holzbeheizten Sauna am Steg baden. G\u00e4ste des Campingplatzes k\u00f6nnen die Sauna zu einem reduzierten Preis mieten.","breadcrumb":{"@id":"https:\/\/www.vallecamping.se\/de\/saunieren\/#breadcrumb"},"inLanguage":"de","potentialAction":[{"@type":"ReadAction","target":["https:\/\/www.vallecamping.se\/de\/saunieren\/"]}]},{"@type":"ImageObject","inLanguage":"de","@id":"https:\/\/www.vallecamping.se\/de\/saunieren\/#primaryimage","url":"https:\/\/www.vallecamping.se\/wp-content\/uploads\/2021\/05\/bastu-jpg.webp","contentUrl":"https:\/\/www.vallecamping.se\/wp-content\/uploads\/2021\/05\/bastu-jpg.webp","width":1280,"height":850,"caption":"Valle Camping ligger vid Husg\u00e4rdessj\u00f6n"},{"@type":"BreadcrumbList","@id":"https:\/\/www.vallecamping.se\/de\/saunieren\/#breadcrumb","itemListElement":[{"@type":"ListItem","position":1,"name":"Hem","item":"https:\/\/www.vallecamping.se\/de\/"},{"@type":"ListItem","position":2,"name":"Saunieren"}]},{"@type":"WebSite","@id":"https:\/\/www.vallecamping.se\/de\/#website","url":"https:\/\/www.vallecamping.se\/de\/","name":"Valle Camping AB","description":"Valle Camping - Stugor, camping, st\u00e4llplatser och vandrarhem vid sj\u00f6 i vackra Valle n\u00e4ra Skara sommarland, Hornborgasj\u00f6n, Varnhems klosterkyrka, Kata g\u00e5rd med mera","publisher":{"@id":"https:\/\/www.vallecamping.se\/de\/#organization"},"alternateName":"Valle camping","potentialAction":[{"@type":"SearchAction","target":{"@type":"EntryPoint","urlTemplate":"https:\/\/www.vallecamping.se\/de\/?s={search_term_string}"},"query-input":{"@type":"PropertyValueSpecification","valueRequired":true,"valueName":"search_term_string"}}],"inLanguage":"de"},{"@type":"Organization","@id":"https:\/\/www.vallecamping.se\/de\/#organization","name":"Valle camping AB","alternateName":"Valle camping","url":"https:\/\/www.vallecamping.se\/de\/","logo":{"@type":"ImageObject","inLanguage":"de","@id":"https:\/\/www.vallecamping.se\/de\/#\/schema\/logo\/image\/","url":"https:\/\/www.vallecamping.se\/wp-content\/uploads\/2023\/03\/Valle-Camping-Icon2303-1.png","contentUrl":"https:\/\/www.vallecamping.se\/wp-content\/uploads\/2023\/03\/Valle-Camping-Icon2303-1.png","width":500,"height":496,"caption":"Valle camping AB"},"image":{"@id":"https:\/\/www.vallecamping.se\/de\/#\/schema\/logo\/image\/"},"sameAs":["https:\/\/www.facebook.com\/vallecamping","https:\/\/www.instagram.com\/vallecampingstugor\/","https:\/\/www.youtube.com\/channel\/UCoJUm2JGJm1kc46V1JnI47Q"]},{"@type":"Person","@id":"https:\/\/www.vallecamping.se\/de\/#\/schema\/person\/451d1fc4dc0ce2f707270822b00e47a4","name":"Fredrik","sameAs":["https:\/\/www.vallecamping.se"]}]}},"_links":{"self":[{"href":"https:\/\/www.vallecamping.se\/de\/wp-json\/wp\/v2\/posts\/12787","targetHints":{"allow":["GET"]}}],"collection":[{"href":"https:\/\/www.vallecamping.se\/de\/wp-json\/wp\/v2\/posts"}],"about":[{"href":"https:\/\/www.vallecamping.se\/de\/wp-json\/wp\/v2\/types\/post"}],"author":[{"embeddable":true,"href":"https:\/\/www.vallecamping.se\/de\/wp-json\/wp\/v2\/users\/1"}],"replies":[{"embeddable":true,"href":"https:\/\/www.vallecamping.se\/de\/wp-json\/wp\/v2\/comments?post=12787"}],"version-history":[{"count":7,"href":"https:\/\/www.vallecamping.se\/de\/wp-json\/wp\/v2\/posts\/12787\/revisions"}],"predecessor-version":[{"id":16166,"href":"https:\/\/www.vallecamping.se\/de\/wp-json\/wp\/v2\/posts\/12787\/revisions\/16166"}],"wp:featuredmedia":[{"embeddable":true,"href":"https:\/\/www.vallecamping.se\/de\/wp-json\/wp\/v2\/media\/12788"}],"wp:attachment":[{"href":"https:\/\/www.vallecamping.se\/de\/wp-json\/wp\/v2\/media?parent=12787"}],"wp:term":[{"taxonomy":"category","embeddable":true,"href":"https:\/\/www.vallecamping.se\/de\/wp-json\/wp\/v2\/categories?post=12787"},{"taxonomy":"post_tag","embeddable":true,"href":"https:\/\/www.vallecamping.se\/de\/wp-json\/wp\/v2\/tags?post=12787"}],"curies":[{"name":"wp","href":"https:\/\/api.w.org\/{rel}","templated":true}]}}